{"id":350147,"date":"2016-01-20T10:11:28","date_gmt":"2016-01-20T16:11:28","guid":{"rendered":"http:\/\/futboltotal.com.mx\/?p=350147"},"modified":"2016-01-21T07:01:44","modified_gmt":"2016-01-21T13:01:44","slug":"ochoa-mantiene-futuro-incierto-en-el-malaga","status":"publish","type":"post","link":"http:\/\/desarrollo.grupomedios.com\/futbol\/futbol-internacional\/ochoa-mantiene-futuro-incierto-en-el-malaga\/2016\/01","title":{"rendered":"Ochoa mantiene futuro incierto en el M\u00e1laga"},"content":{"rendered":"<p><strong>Guillermo Ochoa<\/strong> tiene futuro incierto con el <strong>M\u00e1laga<\/strong>, y la oportunidad de que pueda debutar con el primer equipo lo es aun m\u00e1s. Y es que todo parece indicar que el portero camerun\u00e9s Carlos Kameni, titular indiscutible y hombre de confianza del entrenador Javi Gracia, no saldr\u00e1 del club y seguir\u00e1 con el conjunto andaluz, al menos, hasta el final de la actual temporada.<\/p>\n<p>Ochoa ten\u00eda un resquicio para poder convertirse en el arquero titular del conjunto andaluz, siempre y cuando el camerun\u00e9s firmara su traspaso al Watford de la Premier League. Pero la posibilidad pr\u00e1cticamente ha quedado descartada, toda vez que el conjunto ingl\u00e9s ha fichado al portero rumano Costel Pantilimon, de 28 a\u00f1os, procedente del Sunderland.<\/p>\n<p style=\"text-align: center;\"><span style=\"color: #3366ff;\"><strong><a style=\"color: #3366ff;\" href=\"http:\/\/futboltotal.com.mx\/2015\/11\/opciones-de-memo-ochoa-para-cambiar-de-club\/\">LEER M\u00c1S: Los posibles destinos de Memo Ochoa<\/a><\/strong><\/span><\/p>\n<p>Pese a que la cl\u00e1usula de rescisi\u00f3n de Kameni es menor a un mill\u00f3n de euros, los dirigentes del Watford y M\u00e1laga no llegaron a un acuerdo. \u00bfLa raz\u00f3n? El camerun\u00e9s recibi\u00f3 una oferta para ampliar su contrato, que termina en 2018, un par de temporadas m\u00e1s y, seg\u00fan la prensa espa\u00f1ola, los <em>Boquerones<\/em> conf\u00edan en recibir pronto un s\u00ed por respuesta.<\/p>\n<p>Despu\u00e9s de casi a\u00f1o y medio en el M\u00e1laga, Ochoa no ha podido ganar a Kameni de la titularidad, por lo que la \u00fanica opci\u00f3n que le queda es buscar otro club. &#8220;El mexicano ha pedido su salida del equipo y su agente ha estado esta semana en M\u00e1laga. Y ambas partes se han puesto al d\u00eda de la situaci\u00f3n&#8221;, explica <em>El Desmarque.<\/em><\/p>\n<p>Kameni aun no acepta la propuesta de renovaci\u00f3n del M\u00e1laga y en las \u00faltimas horas trascendi\u00f3 que tiene una oferta para ir a Turqu\u00eda. Al margen de toda especulaci\u00f3n, es un hecho que Ochoa, quien dentro de seis meses dejar\u00e1 de ocupar plaza extracomunitaria, tiene futuro incierto y complicado ante la presencia del camer\u00fanes.<\/p>\n<p style=\"text-align: center;\"><span style=\"color: #3366ff;\"><strong><a style=\"color: #3366ff;\" href=\"http:\/\/futboltotal.com.mx\/futbol-internacional\/\">LEER M\u00c1S: Todas las noticias de futbol internacional<\/a><\/strong><\/span><\/p>\n","protected":false},"excerpt":{"rendered":"<p>El M\u00e1laga ha ofrecido a Carlos Kameni una propuesta de renovaci\u00f3n por dos temporadas<\/p>\n","protected":false},"author":20,"featured_media":350148,"comment_status":"closed","ping_status":"closed","sticky":false,"template":"","format":"standard","meta":[],"categories":[3839,5951],"tags":[5991,306],"_links":{"self":[{"href":"http:\/\/desarrollo.grupomedios.com\/futbol\/wp-json\/wp\/v2\/posts\/350147"}],"collection":[{"href":"http:\/\/desarrollo.grupomedios.com\/futbol\/wp-json\/wp\/v2\/posts"}],"about":[{"href":"http:\/\/desarrollo.grupomedios.com\/futbol\/wp-json\/wp\/v2\/types\/post"}],"author":[{"embeddable":true,"href":"http:\/\/desarrollo.grupomedios.com\/futbol\/wp-json\/wp\/v2\/users\/20"}],"replies":[{"embeddable":true,"href":"http:\/\/desarrollo.grupomedios.com\/futbol\/wp-json\/wp\/v2\/comments?post=350147"}],"version-history":[{"count":0,"href":"http:\/\/desarrollo.grupomedios.com\/futbol\/wp-json\/wp\/v2\/posts\/350147\/revisions"}],"wp:featuredmedia":[{"embeddable":true,"href":"http:\/\/desarrollo.grupomedios.com\/futbol\/wp-json\/wp\/v2\/media\/350148"}],"wp:attachment":[{"href":"http:\/\/desarrollo.grupomedios.com\/futbol\/wp-json\/wp\/v2\/media?parent=350147"}],"wp:term":[{"taxonomy":"category","embeddable":true,"href":"http:\/\/desarrollo.grupomedios.com\/futbol\/wp-json\/wp\/v2\/categories?post=350147"},{"taxonomy":"post_tag","embeddable":true,"href":"http:\/\/desarrollo.grupomedios.com\/futbol\/wp-json\/wp\/v2\/tags?post=350147"}],"curies":[{"name":"wp","href":"https:\/\/api.w.org\/{rel}","templated":true}]}}