{"id":350156,"date":"2016-01-20T08:15:57","date_gmt":"2016-01-20T14:15:57","guid":{"rendered":"http:\/\/futboltotal.com.mx\/?p=350156"},"modified":"2016-01-20T13:58:17","modified_gmt":"2016-01-20T19:58:17","slug":"los-records-de-paolo-maldini","status":"publish","type":"post","link":"http:\/\/desarrollo.grupomedios.com\/futbol\/destacado-home\/los-records-de-paolo-maldini\/2016\/01","title":{"rendered":"Los r\u00e9cords de Paolo Maldini"},"content":{"rendered":"<p>El ex defensa italiano<strong> Paolo Maldini<\/strong> debut\u00f3 el 20 de enero de 1985 con el <strong>AC Mil\u00e1n<\/strong>, en el juego ante el Udinese de la temporada 1984-85 de la Serie A. Ten\u00eda 16 a\u00f1os y ocup\u00f3 el lugar del lesionado Sergio Battistini, quien ya no sali\u00f3 a la cancha para el segundo tiempo.<\/p>\n<p>Aunque <strong>Paolo Maldini<\/strong> ya no volvi\u00f3 a jugar el resto de la temporada, a la siguiente se adue\u00f1\u00f3 de la titularidad y en lateral izquierda se convirti\u00f3 en un jugador de leyenda del Mil\u00e1n.<\/p>\n<p><a href=\"http:\/\/futboltotal.com.mx\/wp-content\/uploads\/2016\/01\/recordpaolo.jpg\" rel=\"attachment wp-att-350157\"><img decoding=\"async\" loading=\"lazy\" class=\"alignnone size-full wp-image-350157\" src=\"http:\/\/futboltotal.com.mx\/wp-content\/uploads\/2016\/01\/recordpaolo.jpg\" alt=\"recordpaolo\" srcset=\"http:\/\/desarrollo.grupomedios.com\/futbol\/wp-content\/uploads\/2016\/01\/recordpaolo.jpg 940w, http:\/\/desarrollo.grupomedios.com\/futbol\/wp-content\/uploads\/2016\/01\/recordpaolo-300x251.jpg 300w, http:\/\/desarrollo.grupomedios.com\/futbol\/wp-content\/uploads\/2016\/01\/recordpaolo-768x644.jpg 768w\" sizes=\"(max-width: 940px) 100vw, 940px\" \/><\/a><\/p>\n<p style=\"text-align: center;\"><span style=\"color: #3366ff;\"><strong><a style=\"color: #3366ff;\" href=\"http:\/\/LEER M\u00c1S: Todas las noticas de futbol internacional\" target=\"_blank\">LEER M\u00c1S: Todas las noticas de futbol internacional<\/a><\/strong><\/span><\/p>\n","protected":false},"excerpt":{"rendered":"<p>Debut\u00f3 hace 31 a\u00f1os y se convirti\u00f3 en un \u00edcono del Mil\u00e1n<\/p>\n","protected":false},"author":127,"featured_media":350162,"comment_status":"closed","ping_status":"closed","sticky":false,"template":"","format":"standard","meta":[],"categories":[5,3839,3848],"tags":[1630,3895,5958],"_links":{"self":[{"href":"http:\/\/desarrollo.grupomedios.com\/futbol\/wp-json\/wp\/v2\/posts\/350156"}],"collection":[{"href":"http:\/\/desarrollo.grupomedios.com\/futbol\/wp-json\/wp\/v2\/posts"}],"about":[{"href":"http:\/\/desarrollo.grupomedios.com\/futbol\/wp-json\/wp\/v2\/types\/post"}],"author":[{"embeddable":true,"href":"http:\/\/desarrollo.grupomedios.com\/futbol\/wp-json\/wp\/v2\/users\/127"}],"replies":[{"embeddable":true,"href":"http:\/\/desarrollo.grupomedios.com\/futbol\/wp-json\/wp\/v2\/comments?post=350156"}],"version-history":[{"count":0,"href":"http:\/\/desarrollo.grupomedios.com\/futbol\/wp-json\/wp\/v2\/posts\/350156\/revisions"}],"wp:featuredmedia":[{"embeddable":true,"href":"http:\/\/desarrollo.grupomedios.com\/futbol\/wp-json\/wp\/v2\/media\/350162"}],"wp:attachment":[{"href":"http:\/\/desarrollo.grupomedios.com\/futbol\/wp-json\/wp\/v2\/media?parent=350156"}],"wp:term":[{"taxonomy":"category","embeddable":true,"href":"http:\/\/desarrollo.grupomedios.com\/futbol\/wp-json\/wp\/v2\/categories?post=350156"},{"taxonomy":"post_tag","embeddable":true,"href":"http:\/\/desarrollo.grupomedios.com\/futbol\/wp-json\/wp\/v2\/tags?post=350156"}],"curies":[{"name":"wp","href":"https:\/\/api.w.org\/{rel}","templated":true}]}}