{"id":350218,"date":"2016-01-20T14:56:23","date_gmt":"2016-01-20T20:56:23","guid":{"rendered":"http:\/\/futboltotal.com.mx\/?p=350218"},"modified":"2016-01-20T16:12:12","modified_gmt":"2016-01-20T22:12:12","slug":"primer-trailer-oficial-de-suicide-squad","status":"publish","type":"post","link":"http:\/\/desarrollo.grupomedios.com\/futbol\/no-todo-es-futbol\/primer-trailer-oficial-de-suicide-squad\/2016\/01","title":{"rendered":"\u00a1Primer trailer oficial de Suicide Squad!"},"content":{"rendered":"<p>El canal de Youtube de la Warner Bros dio a conocer el primer <strong>Trailer Oficial de Suicide Squad<\/strong>, el film que llevar\u00e1 a la pantalla, a uno de los grupos de villanos m\u00e1s temibles del mundo de los c\u00f3mics, conocido tambi\u00e9n como el <em>Escuadr\u00f3n Suicida<\/em>.<\/p>\n<p>Las apariciones de Margot Robbie como <em>Harley Quinn<\/em> y Jared Leto como <em>The Joker<\/em>, son las m\u00e1s esperadas por los fan\u00e1ticos de Batman y la DC C\u00f3mics. Will Smith tambi\u00e9n participa en la cinta que se estrena el 4 de agosto.<\/p>\n<p>Anteriormente ya se hab\u00edan dado a conocer breves avances de la cinta; sin embargo, este es el primer trailer oficial de <strong>Suicide Squad<\/strong>, que lleva de fondo la canci\u00f3n <em>Bohemian Rhapsody<\/em> de Queen.<\/p>\n<p><iframe loading=\"lazy\" src=\"https:\/\/www.youtube.com\/embed\/CmRih_VtVAs\" frameborder=\"0\" allowfullscreen=\"allowfullscreen\"><\/iframe><\/p>\n<p>De igual forma que el Trailer, ya hay p\u00f3sters de <strong>Suicide Squad<\/strong>:<\/p>\n<blockquote class=\"twitter-tweet\" lang=\"es\">\n<p lang=\"en\" dir=\"ltr\"><a href=\"https:\/\/twitter.com\/hashtag\/SuicideSquad?src=hash\">#SuicideSquad<\/a> trailer tonight. 9:30\/8:30c on <a href=\"https:\/\/twitter.com\/CW_network\">@CW_network<\/a>. <a href=\"https:\/\/t.co\/YGSb3kWUYY\">pic.twitter.com\/YGSb3kWUYY<\/a><\/p>\n<p>&mdash; Suicide Squad (@SuicideSquadWB) <a href=\"https:\/\/twitter.com\/SuicideSquadWB\/status\/689539968348229632\">enero 19, 2016<\/a><\/p><\/blockquote>\n<p><script async src=\"\/\/platform.twitter.com\/widgets.js\" charset=\"utf-8\"><\/script><\/p>\n<blockquote class=\"twitter-tweet\" lang=\"es\">\n<p lang=\"en\" dir=\"ltr\">This exclusive <a href=\"https:\/\/twitter.com\/hashtag\/SuicideSquad?src=hash\">#SuicideSquad<\/a> teaser poster shows the whole dastardly team: <a href=\"https:\/\/t.co\/SYwj0jekwZ\">https:\/\/t.co\/SYwj0jekwZ<\/a> <a href=\"https:\/\/t.co\/D7ixSmVop1\">pic.twitter.com\/D7ixSmVop1<\/a><\/p>\n<p>&mdash; Yahoo Movies (@YahooMovies) <a href=\"https:\/\/twitter.com\/YahooMovies\/status\/689507647469400065\">enero 19, 2016<\/a><\/p><\/blockquote>\n<p><script async src=\"\/\/platform.twitter.com\/widgets.js\" charset=\"utf-8\"><\/script><\/p>\n","protected":false},"excerpt":{"rendered":"<p>El film del temible escuadr\u00f3n suicida se estrenar\u00e1 en agosto<\/p>\n","protected":false},"author":20,"featured_media":350225,"comment_status":"closed","ping_status":"closed","sticky":false,"template":"","format":"standard","meta":[],"categories":[5418],"tags":[5771,5824],"_links":{"self":[{"href":"http:\/\/desarrollo.grupomedios.com\/futbol\/wp-json\/wp\/v2\/posts\/350218"}],"collection":[{"href":"http:\/\/desarrollo.grupomedios.com\/futbol\/wp-json\/wp\/v2\/posts"}],"about":[{"href":"http:\/\/desarrollo.grupomedios.com\/futbol\/wp-json\/wp\/v2\/types\/post"}],"author":[{"embeddable":true,"href":"http:\/\/desarrollo.grupomedios.com\/futbol\/wp-json\/wp\/v2\/users\/20"}],"replies":[{"embeddable":true,"href":"http:\/\/desarrollo.grupomedios.com\/futbol\/wp-json\/wp\/v2\/comments?post=350218"}],"version-history":[{"count":0,"href":"http:\/\/desarrollo.grupomedios.com\/futbol\/wp-json\/wp\/v2\/posts\/350218\/revisions"}],"wp:featuredmedia":[{"embeddable":true,"href":"http:\/\/desarrollo.grupomedios.com\/futbol\/wp-json\/wp\/v2\/media\/350225"}],"wp:attachment":[{"href":"http:\/\/desarrollo.grupomedios.com\/futbol\/wp-json\/wp\/v2\/media?parent=350218"}],"wp:term":[{"taxonomy":"category","embeddable":true,"href":"http:\/\/desarrollo.grupomedios.com\/futbol\/wp-json\/wp\/v2\/categories?post=350218"},{"taxonomy":"post_tag","embeddable":true,"href":"http:\/\/desarrollo.grupomedios.com\/futbol\/wp-json\/wp\/v2\/tags?post=350218"}],"curies":[{"name":"wp","href":"https:\/\/api.w.org\/{rel}","templated":true}]}}