{"id":350276,"date":"2016-01-20T19:11:28","date_gmt":"2016-01-21T01:11:28","guid":{"rendered":"http:\/\/futboltotal.com.mx\/?p=350276"},"modified":"2016-01-21T13:15:01","modified_gmt":"2016-01-21T19:15:01","slug":"nasl-la-otra-liga-gringa","status":"publish","type":"post","link":"http:\/\/desarrollo.grupomedios.com\/futbol\/futbol-internacional\/nasl-la-otra-liga-gringa\/2016\/01","title":{"rendered":"NASL: La otra liga gringa"},"content":{"rendered":"<p>La\u00a0<strong>North American Soccer League (NASL) <\/strong>no es la primera referencia cuando hablamos del futbol de Estados Unidos a nivel clubes en esta \u00e9poca;\u00a0esa\u00a0es la <strong>Major League Soccer<\/strong>. En parte, eso se debe a que los clubes de esta \u00faltima son los que compiten con los mexicanos en Concacaf. Nombres como el Galaxy, DC United y Chicago Fire, por citar tres ejemplos, se han vuelto familiares.<\/p>\n<p>Por otro lado, las figuras internacionales que han llegado en a\u00f1os recientes a la MLS, como Andrea Pirlo, <em>Kak\u00e1<\/em>, David Beckham o Steven Gerrard, convierten a la liga en un torneo con una popularidad cada vez mayor. Ese impacto es a\u00fan mayor si consideramos que algunos de nuestros mejores futbolistas tambi\u00e9n han pasado por ah\u00ed en la \u00e9poca actual y en el pasado: Jorge Campos, Cuauht\u00e9moc Blanco, <em>Rafa<\/em> M\u00e1rquez y Giovani Dos Santos son algunos de los mexicanos que han pasado por equipos de aquel campeonato.<\/p>\n<p style=\"text-align: center;\"><strong><span style=\"color: #3366ff;\"><a style=\"color: #3366ff;\" href=\"http:\/\/futboltotal.com.mx\/2015\/11\/los-astros-del-cosmos-de-nueva-york\/\" target=\"_blank\">LEER M\u00c1S: Los cinco astros del Cosmos de New York<\/a><\/span><\/strong><\/p>\n<p>Ante ese panorama, es natural que la MLS sea lo primero que venga a nuestra mente cuando se trata de <em>soccer<\/em>. Sin embargo, no es la \u00fanica (ni fue la primera) liga profesional de futbol en Estados Unidos. Antes de ella, existi\u00f3 la <strong>NASL<\/strong>,<strong>\u00a0<\/strong>el primer intento formal por acercar el futbol a la sociedad estadounidense y su primera etapa dur\u00f3 de 1968 hasta 1984. En 2011, ya con la <strong>MLS<\/strong> totalmente establecida, renaci\u00f3.<\/p>\n<p>Aunque no se trata de una segunda divisi\u00f3n, es indudable que, al menos por ahora, este otro torneo est\u00e1 por debajo de la <strong>MLS<\/strong> no solo en cuanto a popularidad, sino en el nivel, tanto por el roce de los equipos que integran ambas ligas como por el calibre de sus jugadores. Sin embargo, echando un vistazo a su historia (incluida la reciente), encontramos que la <strong>NASL<\/strong> tambi\u00e9n ha tenido figuras mexicanas y a nivel mundial en sus filas. Aqu\u00ed presentamos a 10 de ellas.<\/p>\n<div id=\"attachment_350336\" style=\"width: 1110px\" class=\"wp-caption alignnone\"><a href=\"http:\/\/futboltotal.com.mx\/wp-content\/uploads\/2016\/01\/Raul.jpg\" rel=\"attachment wp-att-350336\"><img aria-describedby=\"caption-attachment-350336\" decoding=\"async\" loading=\"lazy\" class=\"size-full wp-image-350336\" src=\"http:\/\/futboltotal.com.mx\/wp-content\/uploads\/2016\/01\/Raul.jpg\" alt=\"Ra\u00fal, Espa\u00f1a | New York Cosmos (2015) | El legendario goleador del Real Madrid disput\u00f3 su \u00faltima temporada como profesional con el Cosmos, ya en la actual etapa de la NASL. El \u00c1ngel de Madrid se uni\u00f3 al club no solo como jugador, sino tambi\u00e9n como asesor t\u00e9cnico de la academia juvenil.\" srcset=\"http:\/\/desarrollo.grupomedios.com\/futbol\/wp-content\/uploads\/2016\/01\/Raul.jpg 1100w, http:\/\/desarrollo.grupomedios.com\/futbol\/wp-content\/uploads\/2016\/01\/Raul-300x151.jpg 300w, http:\/\/desarrollo.grupomedios.com\/futbol\/wp-content\/uploads\/2016\/01\/Raul-768x386.jpg 768w, http:\/\/desarrollo.grupomedios.com\/futbol\/wp-content\/uploads\/2016\/01\/Raul-1024x515.jpg 1024w\" sizes=\"(max-width: 1100px) 100vw, 1100px\" \/><\/a><p id=\"caption-attachment-350336\" class=\"wp-caption-text\">Ra\u00fal, Espa\u00f1a | New York Cosmos (2015) | El legendario goleador del Real Madrid disput\u00f3 su \u00faltima temporada como profesional con el Cosmos, ya en la actual etapa de la NASL. El \u00c1ngel de Madrid se uni\u00f3 al club no solo como jugador, sino tambi\u00e9n como asesor t\u00e9cnico de la academia juvenil.<\/p><\/div>\n<div id=\"attachment_350334\" style=\"width: 1110px\" class=\"wp-caption alignnone\"><a href=\"http:\/\/futboltotal.com.mx\/wp-content\/uploads\/2016\/01\/Cosmos.jpg\" rel=\"attachment wp-att-350334\"><img aria-describedby=\"caption-attachment-350334\" decoding=\"async\" loading=\"lazy\" class=\"size-full wp-image-350334\" src=\"http:\/\/futboltotal.com.mx\/wp-content\/uploads\/2016\/01\/Cosmos.jpg\" alt=\"Marcos Senna, Brasil-Espa\u00f1a | New York Cosmos (2013-15) | Nacido en Brasil, este centrocampista fue figura en el Villarreal, al grado que se naturaliz\u00f3 espa\u00f1ol y fue Campe\u00f3n con La Roja en la Eurocopa 2008. Finaliz\u00f3 su carrera con el Cosmos, donde coincidi\u00f3 con Ra\u00fal. \" srcset=\"http:\/\/desarrollo.grupomedios.com\/futbol\/wp-content\/uploads\/2016\/01\/Cosmos.jpg 1100w, http:\/\/desarrollo.grupomedios.com\/futbol\/wp-content\/uploads\/2016\/01\/Cosmos-300x151.jpg 300w, http:\/\/desarrollo.grupomedios.com\/futbol\/wp-content\/uploads\/2016\/01\/Cosmos-768x386.jpg 768w, http:\/\/desarrollo.grupomedios.com\/futbol\/wp-content\/uploads\/2016\/01\/Cosmos-1024x515.jpg 1024w\" sizes=\"(max-width: 1100px) 100vw, 1100px\" \/><\/a><p id=\"caption-attachment-350334\" class=\"wp-caption-text\">Marcos Senna, Brasil-Espa\u00f1a | New York Cosmos (2013-15) | Nacido en Brasil, este centrocampista fue figura en el Villarreal, al grado que se naturaliz\u00f3 espa\u00f1ol y fue Campe\u00f3n con La Roja en la Eurocopa 2008. Finaliz\u00f3 su carrera con el Cosmos, donde coincidi\u00f3 con Ra\u00fal.<\/p><\/div>\n<div id=\"attachment_350333\" style=\"width: 1110px\" class=\"wp-caption alignnone\"><a href=\"http:\/\/futboltotal.com.mx\/wp-content\/uploads\/2016\/01\/Holanda.jpg\" rel=\"attachment wp-att-350333\"><img aria-describedby=\"caption-attachment-350333\" decoding=\"async\" loading=\"lazy\" class=\"size-full wp-image-350333\" src=\"http:\/\/futboltotal.com.mx\/wp-content\/uploads\/2016\/01\/Holanda.jpg\" alt=\"Johan Neeskens, Holanda | New York Cosmos (1979-84) | Fue una de las piezas claves de la Naranja Mec\u00e1nica. Con dos finales de Copa del Mundo en su haber, el holand\u00e9s fue otra de las grandes figuras de la escuadra de New York. En Estados Unidos jug\u00f3 tambi\u00e9n con un cuadro de Fort Lauderdale, pero en otra liga, la United Soccer League.\" srcset=\"http:\/\/desarrollo.grupomedios.com\/futbol\/wp-content\/uploads\/2016\/01\/Holanda.jpg 1100w, http:\/\/desarrollo.grupomedios.com\/futbol\/wp-content\/uploads\/2016\/01\/Holanda-300x151.jpg 300w, http:\/\/desarrollo.grupomedios.com\/futbol\/wp-content\/uploads\/2016\/01\/Holanda-768x386.jpg 768w, http:\/\/desarrollo.grupomedios.com\/futbol\/wp-content\/uploads\/2016\/01\/Holanda-1024x515.jpg 1024w\" sizes=\"(max-width: 1100px) 100vw, 1100px\" \/><\/a><p id=\"caption-attachment-350333\" class=\"wp-caption-text\">Johan Neeskens, Holanda | New York Cosmos (1979-84) | Fue una de las piezas claves de la Naranja Mec\u00e1nica. Con dos finales de Copa del Mundo en su haber, el holand\u00e9s fue otra de las grandes figuras de la escuadra de New York. En Estados Unidos jug\u00f3 tambi\u00e9n con un cuadro de Fort Lauderdale, pero en otra liga, la United Soccer League.<\/p><\/div>\n<div id=\"attachment_350331\" style=\"width: 1110px\" class=\"wp-caption alignnone\"><a href=\"http:\/\/futboltotal.com.mx\/wp-content\/uploads\/2016\/01\/Cuellar.jpg\" rel=\"attachment wp-att-350331\"><img aria-describedby=\"caption-attachment-350331\" decoding=\"async\" loading=\"lazy\" class=\"size-full wp-image-350331\" src=\"http:\/\/futboltotal.com.mx\/wp-content\/uploads\/2016\/01\/Cuellar.jpg\" alt=\"Leonardo Cu\u00e9llar, M\u00e9xico | San Diego Sockers (1979-81), San Jose Earthquakes (1982) y Golden Bay Earthquakes (1983-84). | El actual Director Deportivo de las selecciones femeniles de M\u00e9xico, pas\u00f3 la parte final de su carrera en la NASL, a la que se uni\u00f3 luego de haber sido campe\u00f3n con Pumas y mundialista mexicano.\" srcset=\"http:\/\/desarrollo.grupomedios.com\/futbol\/wp-content\/uploads\/2016\/01\/Cuellar.jpg 1100w, http:\/\/desarrollo.grupomedios.com\/futbol\/wp-content\/uploads\/2016\/01\/Cuellar-300x151.jpg 300w, http:\/\/desarrollo.grupomedios.com\/futbol\/wp-content\/uploads\/2016\/01\/Cuellar-768x386.jpg 768w, http:\/\/desarrollo.grupomedios.com\/futbol\/wp-content\/uploads\/2016\/01\/Cuellar-1024x515.jpg 1024w\" sizes=\"(max-width: 1100px) 100vw, 1100px\" \/><\/a><p id=\"caption-attachment-350331\" class=\"wp-caption-text\">Leonardo Cu\u00e9llar, M\u00e9xico | San Diego Sockers (1979-81), San Jose Earthquakes (1982) y Golden Bay Earthquakes (1983-84). | El actual Director Deportivo de las selecciones femeniles de M\u00e9xico, pas\u00f3 la parte final de su carrera en la NASL, a la que se uni\u00f3 luego de haber sido campe\u00f3n con Pumas y mundialista mexicano.<\/p><\/div>\n<div id=\"attachment_350330\" style=\"width: 1110px\" class=\"wp-caption alignnone\"><a href=\"http:\/\/futboltotal.com.mx\/wp-content\/uploads\/2016\/01\/Carlos-Brasil.jpg\" rel=\"attachment wp-att-350330\"><img aria-describedby=\"caption-attachment-350330\" decoding=\"async\" loading=\"lazy\" class=\"size-full wp-image-350330\" src=\"http:\/\/futboltotal.com.mx\/wp-content\/uploads\/2016\/01\/Carlos-Brasil.jpg\" alt=\"Carlos Alberto, Brasil | New York Cosmos (1977-80 y 82) y California Surf (1981) | Campe\u00f3n del Mundo en M\u00e9xico 70, este lateral derecho coincidi\u00f3 en el cuadro de la Gran Manzana con Pel\u00e9. En ese equipo se retir\u00f3, con un amistoso ante el Flamengo, el cuadro con el que debut\u00f3.\" srcset=\"http:\/\/desarrollo.grupomedios.com\/futbol\/wp-content\/uploads\/2016\/01\/Carlos-Brasil.jpg 1100w, http:\/\/desarrollo.grupomedios.com\/futbol\/wp-content\/uploads\/2016\/01\/Carlos-Brasil-300x151.jpg 300w, http:\/\/desarrollo.grupomedios.com\/futbol\/wp-content\/uploads\/2016\/01\/Carlos-Brasil-768x386.jpg 768w, http:\/\/desarrollo.grupomedios.com\/futbol\/wp-content\/uploads\/2016\/01\/Carlos-Brasil-1024x515.jpg 1024w\" sizes=\"(max-width: 1100px) 100vw, 1100px\" \/><\/a><p id=\"caption-attachment-350330\" class=\"wp-caption-text\">Carlos Alberto, Brasil | New York Cosmos (1977-80 y 82) y California Surf (1981) | Campe\u00f3n del Mundo en M\u00e9xico 70, este lateral derecho coincidi\u00f3 en el cuadro de la Gran Manzana con Pel\u00e9. En ese equipo se retir\u00f3, con un amistoso ante el Flamengo, el cuadro con el que debut\u00f3.<\/p><\/div>\n<div id=\"attachment_350329\" style=\"width: 1110px\" class=\"wp-caption alignnone\"><a href=\"http:\/\/futboltotal.com.mx\/wp-content\/uploads\/2016\/01\/Hugo-sanches.jpg\" rel=\"attachment wp-att-350329\"><img aria-describedby=\"caption-attachment-350329\" decoding=\"async\" loading=\"lazy\" class=\"size-full wp-image-350329\" src=\"http:\/\/futboltotal.com.mx\/wp-content\/uploads\/2016\/01\/Hugo-sanches.jpg\" alt=\"Hugo S\u00e1nchez, M\u00e9xico | San Diego Sockers (1979-80) | El Macho tiene la particularidad de haber participado en las dos ligas gringas. Antes de iniciar su etapa en Espa\u00f1a, estuvo un a\u00f1o a pr\u00e9stamo en San Diego. En la MLS, jug\u00f3 para el Dallas Burn en 1996. El Macho tiene la particularidad de haber participado en las dos ligas gringas. Antes de iniciar su etapa en Espa\u00f1a, estuvo un a\u00f1o a pr\u00e9stamo en San Diego. En la MLS, jug\u00f3 para el Dallas Burn en 1996.\" srcset=\"http:\/\/desarrollo.grupomedios.com\/futbol\/wp-content\/uploads\/2016\/01\/Hugo-sanches.jpg 1100w, http:\/\/desarrollo.grupomedios.com\/futbol\/wp-content\/uploads\/2016\/01\/Hugo-sanches-300x151.jpg 300w, http:\/\/desarrollo.grupomedios.com\/futbol\/wp-content\/uploads\/2016\/01\/Hugo-sanches-768x386.jpg 768w, http:\/\/desarrollo.grupomedios.com\/futbol\/wp-content\/uploads\/2016\/01\/Hugo-sanches-1024x515.jpg 1024w\" sizes=\"(max-width: 1100px) 100vw, 1100px\" \/><\/a><p id=\"caption-attachment-350329\" class=\"wp-caption-text\">Hugo S\u00e1nchez, M\u00e9xico | San Diego Sockers (1979-80) | El Macho tiene la particularidad de haber participado en las dos ligas gringas. Antes de iniciar su etapa en Espa\u00f1a, estuvo un a\u00f1o a pr\u00e9stamo en San Diego. En la MLS, jug\u00f3 para el Dallas Burn en 1996. El Macho tiene la particularidad de haber participado en las dos ligas gringas. Antes de iniciar su etapa en Espa\u00f1a, estuvo un a\u00f1o a pr\u00e9stamo en San Diego. En la MLS, jug\u00f3 para el Dallas Burn en 1996.<\/p><\/div>\n<div id=\"attachment_350327\" style=\"width: 1110px\" class=\"wp-caption alignnone\"><a href=\"http:\/\/futboltotal.com.mx\/wp-content\/uploads\/2016\/01\/Beckenbauer.jpg\" rel=\"attachment wp-att-350327\"><img aria-describedby=\"caption-attachment-350327\" decoding=\"async\" loading=\"lazy\" class=\"size-full wp-image-350327\" src=\"http:\/\/futboltotal.com.mx\/wp-content\/uploads\/2016\/01\/Beckenbauer.jpg\" alt=\"Franz Beckenbauer, Alemania | New York Cosmos (1977-80 y 83) | El Kaiser fue otro de los integrantes de la constelaci\u00f3n que el Cosmos, como el club m\u00e1s popular del torneo, reuni\u00f3 en su primera etapa. Como la mayor\u00eda de los integrantes de esta lista, finaliz\u00f3 su carrera en Estados Unidos. \" srcset=\"http:\/\/desarrollo.grupomedios.com\/futbol\/wp-content\/uploads\/2016\/01\/Beckenbauer.jpg 1100w, http:\/\/desarrollo.grupomedios.com\/futbol\/wp-content\/uploads\/2016\/01\/Beckenbauer-300x151.jpg 300w, http:\/\/desarrollo.grupomedios.com\/futbol\/wp-content\/uploads\/2016\/01\/Beckenbauer-768x386.jpg 768w, http:\/\/desarrollo.grupomedios.com\/futbol\/wp-content\/uploads\/2016\/01\/Beckenbauer-1024x515.jpg 1024w\" sizes=\"(max-width: 1100px) 100vw, 1100px\" \/><\/a><p id=\"caption-attachment-350327\" class=\"wp-caption-text\">Franz Beckenbauer, Alemania | New York Cosmos (1977-80 y 83) | El Kaiser fue otro de los integrantes de la constelaci\u00f3n que el Cosmos, como el club m\u00e1s popular del torneo, reuni\u00f3 en su primera etapa. Como la mayor\u00eda de los integrantes de esta lista, finaliz\u00f3 su carrera en Estados Unidos.<\/p><\/div>\n<div id=\"attachment_350326\" style=\"width: 1110px\" class=\"wp-caption alignnone\"><a href=\"http:\/\/futboltotal.com.mx\/wp-content\/uploads\/2016\/01\/best.jpg\" rel=\"attachment wp-att-350326\"><img aria-describedby=\"caption-attachment-350326\" decoding=\"async\" loading=\"lazy\" class=\"size-full wp-image-350326\" src=\"http:\/\/futboltotal.com.mx\/wp-content\/uploads\/2016\/01\/best.jpg\" alt=\"George Best, Irlanda del Norte | Los Angeles Aztecs (1976 y 77-78) Fort Lauderdale Strikers (1978-79) y San Jose Earthquakes (1980-81) | El Quinto Beatle fue una de las grandes figuras de la liga que no estuvieron en el Cosmos. Aunque sigui\u00f3 jugando algunos a\u00f1os luego de dejar la NASL, su \u00faltima temporada completa la disput\u00f3 ah\u00ed, con los Earthquakes.\" srcset=\"http:\/\/desarrollo.grupomedios.com\/futbol\/wp-content\/uploads\/2016\/01\/best.jpg 1100w, http:\/\/desarrollo.grupomedios.com\/futbol\/wp-content\/uploads\/2016\/01\/best-300x151.jpg 300w, http:\/\/desarrollo.grupomedios.com\/futbol\/wp-content\/uploads\/2016\/01\/best-768x386.jpg 768w, http:\/\/desarrollo.grupomedios.com\/futbol\/wp-content\/uploads\/2016\/01\/best-1024x515.jpg 1024w\" sizes=\"(max-width: 1100px) 100vw, 1100px\" \/><\/a><p id=\"caption-attachment-350326\" class=\"wp-caption-text\">George Best, Irlanda del Norte | Los Angeles Aztecs (1976 y 77-78) Fort Lauderdale Strikers (1978-79) y San Jose Earthquakes (1980-81) | El Quinto Beatle fue una de las grandes figuras de la liga que no estuvieron en el Cosmos. Aunque sigui\u00f3 jugando algunos a\u00f1os luego de dejar la NASL, su \u00faltima temporada completa la disput\u00f3 ah\u00ed, con los Earthquakes.<\/p><\/div>\n<div id=\"attachment_350316\" style=\"width: 1110px\" class=\"wp-caption alignnone\"><a href=\"http:\/\/futboltotal.com.mx\/wp-content\/uploads\/2016\/01\/Eusebio.jpg\" rel=\"attachment wp-att-350316\"><img aria-describedby=\"caption-attachment-350316\" decoding=\"async\" loading=\"lazy\" class=\"size-full wp-image-350316\" src=\"http:\/\/futboltotal.com.mx\/wp-content\/uploads\/2016\/01\/Eusebio.jpg\" alt=\"Eus\u00e9bio, Portugal | Boston Minutemen (1975), Toronto Metros (1975-76) y Las Vegas Quicksilver (1976-77) | Bal\u00f3n de Oro, campe\u00f3n de la Copa de Europa con el Benfica y figura del Mundial Inglaterra 1966, la Pantera Negra intercal\u00f3 sus participaciones en la NASL con etapas en M\u00e9xico y Portugal. Se retir\u00f3 en Estados Unidos, pero en otro torneo, la American Soccer League.\" srcset=\"http:\/\/desarrollo.grupomedios.com\/futbol\/wp-content\/uploads\/2016\/01\/Eusebio.jpg 1100w, http:\/\/desarrollo.grupomedios.com\/futbol\/wp-content\/uploads\/2016\/01\/Eusebio-300x151.jpg 300w, http:\/\/desarrollo.grupomedios.com\/futbol\/wp-content\/uploads\/2016\/01\/Eusebio-768x386.jpg 768w, http:\/\/desarrollo.grupomedios.com\/futbol\/wp-content\/uploads\/2016\/01\/Eusebio-1024x515.jpg 1024w\" sizes=\"(max-width: 1100px) 100vw, 1100px\" \/><\/a><p id=\"caption-attachment-350316\" class=\"wp-caption-text\">Eus\u00e9bio, Portugal | Boston Minutemen (1975), Toronto Metros (1975-76) y Las Vegas Quicksilver (1976-77) | Bal\u00f3n de Oro, campe\u00f3n de la Copa de Europa con el Benfica y figura del Mundial Inglaterra 1966, la Pantera Negra intercal\u00f3 sus participaciones en la NASL con etapas en M\u00e9xico y Portugal. Se retir\u00f3 en Estados Unidos, pero en otro torneo, la American Soccer League.<\/p><\/div>\n<div id=\"attachment_350315\" style=\"width: 1110px\" class=\"wp-caption alignnone\"><a href=\"http:\/\/futboltotal.com.mx\/wp-content\/uploads\/2016\/01\/Pele.jpg\" rel=\"attachment wp-att-350315\"><img aria-describedby=\"caption-attachment-350315\" decoding=\"async\" loading=\"lazy\" class=\"size-full wp-image-350315\" src=\"http:\/\/futboltotal.com.mx\/wp-content\/uploads\/2016\/01\/Pele.jpg\" alt=\"Pel\u00e9, Brasil | New York Cosmos (1975-77) | O Rei fue el buque insignia en la misi\u00f3n de la NASL para hacer atractivo el futbol en Estados Unidos, y para buscar que el efecto fuera mayor, form\u00f3 parte del equipo m\u00e1s representativo de la liga, el Cosmos. O Rei fue el buque insignia en la misi\u00f3n de la NASL para hacer atractivo el futbol en Estados Unidos, y para buscar que el efecto fuera mayor, form\u00f3 parte del equipo m\u00e1s representativo de la liga, el Cosmos.\" srcset=\"http:\/\/desarrollo.grupomedios.com\/futbol\/wp-content\/uploads\/2016\/01\/Pele.jpg 1100w, http:\/\/desarrollo.grupomedios.com\/futbol\/wp-content\/uploads\/2016\/01\/Pele-300x151.jpg 300w, http:\/\/desarrollo.grupomedios.com\/futbol\/wp-content\/uploads\/2016\/01\/Pele-768x386.jpg 768w, http:\/\/desarrollo.grupomedios.com\/futbol\/wp-content\/uploads\/2016\/01\/Pele-1024x515.jpg 1024w\" sizes=\"(max-width: 1100px) 100vw, 1100px\" \/><\/a><p id=\"caption-attachment-350315\" class=\"wp-caption-text\">Pel\u00e9, Brasil | New York Cosmos (1975-77) | O Rei fue el buque insignia en la misi\u00f3n de la NASL para hacer atractivo el futbol en Estados Unidos, y para buscar que el efecto fuera mayor, form\u00f3 parte del equipo m\u00e1s representativo de la liga, el Cosmos. O Rei fue el buque insignia en la misi\u00f3n de la NASL para hacer atractivo el futbol en Estados Unidos, y para buscar que el efecto fuera mayor, form\u00f3 parte del equipo m\u00e1s representativo de la liga, el Cosmos.<\/p><\/div>\n<p>&nbsp;<\/p>\n<p>&nbsp;<\/p>\n<p>&nbsp;<\/p>\n<p>&nbsp;<\/p>\n<p>&nbsp;<\/p>\n<p>&nbsp;<\/p>\n<p>&nbsp;<\/p>\n<p>&nbsp;<\/p>\n<p>&nbsp;<\/p>\n<p>&nbsp;<\/p>\n<p>&nbsp;<\/p>\n<p>&nbsp;<\/p>\n<p>&nbsp;<\/p>\n","protected":false},"excerpt":{"rendered":"<p>La MLS no es la \u00fanica ni la primera liga de futbol en EE UU<\/p>\n","protected":false},"author":20,"featured_media":350342,"comment_status":"closed","ping_status":"closed","sticky":false,"template":"","format":"standard","meta":[],"categories":[3839,5951],"tags":[4336,448,195,5940,246],"_links":{"self":[{"href":"http:\/\/desarrollo.grupomedios.com\/futbol\/wp-json\/wp\/v2\/posts\/350276"}],"collection":[{"href":"http:\/\/desarrollo.grupomedios.com\/futbol\/wp-json\/wp\/v2\/posts"}],"about":[{"href":"http:\/\/desarrollo.grupomedios.com\/futbol\/wp-json\/wp\/v2\/types\/post"}],"author":[{"embeddable":true,"href":"http:\/\/desarrollo.grupomedios.com\/futbol\/wp-json\/wp\/v2\/users\/20"}],"replies":[{"embeddable":true,"href":"http:\/\/desarrollo.grupomedios.com\/futbol\/wp-json\/wp\/v2\/comments?post=350276"}],"version-history":[{"count":0,"href":"http:\/\/desarrollo.grupomedios.com\/futbol\/wp-json\/wp\/v2\/posts\/350276\/revisions"}],"wp:featuredmedia":[{"embeddable":true,"href":"http:\/\/desarrollo.grupomedios.com\/futbol\/wp-json\/wp\/v2\/media\/350342"}],"wp:attachment":[{"href":"http:\/\/desarrollo.grupomedios.com\/futbol\/wp-json\/wp\/v2\/media?parent=350276"}],"wp:term":[{"taxonomy":"category","embeddable":true,"href":"http:\/\/desarrollo.grupomedios.com\/futbol\/wp-json\/wp\/v2\/categories?post=350276"},{"taxonomy":"post_tag","embeddable":true,"href":"http:\/\/desarrollo.grupomedios.com\/futbol\/wp-json\/wp\/v2\/tags?post=350276"}],"curies":[{"name":"wp","href":"https:\/\/api.w.org\/{rel}","templated":true}]}}