{"id":350501,"date":"2016-01-21T11:08:38","date_gmt":"2016-01-21T17:08:38","guid":{"rendered":"http:\/\/futboltotal.com.mx\/?p=350501"},"modified":"2016-01-21T11:09:30","modified_gmt":"2016-01-21T17:09:30","slug":"bundesliga-presume-a-marco-fabian","status":"publish","type":"post","link":"http:\/\/desarrollo.grupomedios.com\/futbol\/destacado-home\/bundesliga-presume-a-marco-fabian\/2016\/01","title":{"rendered":"Bundesliga presume a Marco Fabi\u00e1n"},"content":{"rendered":"<p>La llegada del mediocampista <strong>Marco Fabi\u00e1n<\/strong> a la<strong> Bundesliga<\/strong> ha causado gran expectaci\u00f3n Alemania. A un d\u00eda de que arranque la segunda vuelta de la temporada 2015-16, la p\u00e1gina oficial de la liga teutona presume al mexicano como la contrataci\u00f3n estelar del Eintracht Frankfurt con una infograf\u00eda en la que resalta su calibre.<\/p>\n<p>De entrada citan que <strong>Fabi\u00e1n<\/strong>, quien debutar\u00e1 el pr\u00f3ximo domingo 24 de enero ante Wolfsburgo, al igual que Javier Chicharito Hern\u00e1ndez, del Bayer Leverkusen, naci\u00f3 en la ciudad de Guadalajara, tiene un mote en diminutivo,<em> Marquito,<\/em> y se forj\u00f3 en las fuerzas b\u00e1sicas de la escuadra tapat\u00eda.<\/p>\n<p style=\"text-align: center;\"><strong><span style=\"color: #3366ff;\"><a style=\"color: #3366ff;\" href=\"http:\/\/futboltotal.com.mx\/?s=Marco+Fabi%C3%A1n\">LEER M\u00c1S: Todas las noticias de Marco Fabi\u00e1n<\/a><\/span><\/strong><br \/>\n<a href=\"http:\/\/futboltotal.com.mx\/wp-content\/uploads\/2016\/01\/fabian.jpeg\" rel=\"attachment wp-att-350506\"><img decoding=\"async\" loading=\"lazy\" class=\"alignnone size-full wp-image-350506\" src=\"http:\/\/futboltotal.com.mx\/wp-content\/uploads\/2016\/01\/fabian.jpeg\" alt=\"fabian\" srcset=\"http:\/\/desarrollo.grupomedios.com\/futbol\/wp-content\/uploads\/2016\/01\/fabian.jpeg 920w, http:\/\/desarrollo.grupomedios.com\/futbol\/wp-content\/uploads\/2016\/01\/fabian-191x300.jpeg 191w, http:\/\/desarrollo.grupomedios.com\/futbol\/wp-content\/uploads\/2016\/01\/fabian-768x1206.jpeg 768w, http:\/\/desarrollo.grupomedios.com\/futbol\/wp-content\/uploads\/2016\/01\/fabian-652x1024.jpeg 652w\" sizes=\"(max-width: 920px) 100vw, 920px\" \/><\/a><\/p>\n<p>Asimismo apuntan sus logros con la Selecci\u00f3n Mexicana, con la cual fue campe\u00f3n ol\u00edmpico en Londres 2012 y ha disputado 27 partidos marcando seis goles. Eso sin contar que fue el tercer mexicano que fue contrato por petici\u00f3n del estratega Armin Veh, quien dirigi\u00f3 a Paverl Pardo y Ricardo Osorio con el Stuttgart en 2006.<\/p>\n","protected":false},"excerpt":{"rendered":"<p>Hay expectaci\u00f3n en Alemania a unos d\u00edas de que debute con el Eintracht<\/p>\n","protected":false},"author":20,"featured_media":350507,"comment_status":"closed","ping_status":"closed","sticky":false,"template":"","format":"standard","meta":[],"categories":[5],"tags":[119,3588,131],"_links":{"self":[{"href":"http:\/\/desarrollo.grupomedios.com\/futbol\/wp-json\/wp\/v2\/posts\/350501"}],"collection":[{"href":"http:\/\/desarrollo.grupomedios.com\/futbol\/wp-json\/wp\/v2\/posts"}],"about":[{"href":"http:\/\/desarrollo.grupomedios.com\/futbol\/wp-json\/wp\/v2\/types\/post"}],"author":[{"embeddable":true,"href":"http:\/\/desarrollo.grupomedios.com\/futbol\/wp-json\/wp\/v2\/users\/20"}],"replies":[{"embeddable":true,"href":"http:\/\/desarrollo.grupomedios.com\/futbol\/wp-json\/wp\/v2\/comments?post=350501"}],"version-history":[{"count":0,"href":"http:\/\/desarrollo.grupomedios.com\/futbol\/wp-json\/wp\/v2\/posts\/350501\/revisions"}],"wp:featuredmedia":[{"embeddable":true,"href":"http:\/\/desarrollo.grupomedios.com\/futbol\/wp-json\/wp\/v2\/media\/350507"}],"wp:attachment":[{"href":"http:\/\/desarrollo.grupomedios.com\/futbol\/wp-json\/wp\/v2\/media?parent=350501"}],"wp:term":[{"taxonomy":"category","embeddable":true,"href":"http:\/\/desarrollo.grupomedios.com\/futbol\/wp-json\/wp\/v2\/categories?post=350501"},{"taxonomy":"post_tag","embeddable":true,"href":"http:\/\/desarrollo.grupomedios.com\/futbol\/wp-json\/wp\/v2\/tags?post=350501"}],"curies":[{"name":"wp","href":"https:\/\/api.w.org\/{rel}","templated":true}]}}