{"id":350509,"date":"2016-01-21T10:32:28","date_gmt":"2016-01-21T16:32:28","guid":{"rendered":"http:\/\/futboltotal.com.mx\/?p=350509"},"modified":"2016-01-21T14:24:08","modified_gmt":"2016-01-21T20:24:08","slug":"mascherano-ira-un-ano-a-la-carcel","status":"publish","type":"post","link":"http:\/\/desarrollo.grupomedios.com\/futbol\/futbol-internacional\/mascherano-ira-un-ano-a-la-carcel\/2016\/01","title":{"rendered":"Mascherano, sentenciado a un a\u00f1o de c\u00e1rcel"},"content":{"rendered":"<p>El argentino <strong>Javier Mascherano<\/strong> acept\u00f3 este jueves una condena de un a\u00f1o de c\u00e1rcel y una multa de 800 mil euros por defraudar 1.5 millones de euros de Hacienda.<\/p>\n<p>En un adelanto del fallo para este caso, la secci\u00f3n octava de la Audiencia de Barcelona conden\u00f3 al jugador a un a\u00f1o de c\u00e1rcel, en un juicio que dur\u00f3 10 minutos y en el que Mascherano acept\u00f3 el a\u00f1o de c\u00e1rcel que pact\u00f3 con la Fiscal\u00eda y la Abogac\u00eda del Estado, tras devolver a Hacienda la suma defraudada.<\/p>\n<p style=\"text-align: center;\"><span style=\"color: #3366ff;\"><a style=\"color: #3366ff;\" href=\"http:\/\/futboltotal.com.mx\/?s=Barcelona\"><strong>LEER M\u00c1S: Todas las noticias de FC Barcelona<\/strong> <\/a><\/span><\/p>\n<p>El argentino public\u00f3 una carta, en el sitio oficial del <strong>Barcelona en la que asegur\u00f3 haber llegado <\/strong>&#8220;a un acuerdo con Hacienda de Espa\u00f1a, con sentencia firme y aprobaci\u00f3n de todas las partes y esta situaci\u00f3n es una experiencia m\u00e1s&#8221; y no volver\u00e1 a incurrir en problemas fiscales.<\/p>\n<p>&#8220;Salgo fortalecido y muy tranquilo por el hecho de saberme nuevamente en regla. Me reservo la posibilidad de accionar contra aquellos que me asesoraron mal recomend\u00e1ndome algo que no era correcto&#8221;, explic\u00f3.<\/p>\n<p>Para no entrar a prisi\u00f3n, Mascherano ha pedido a su abogado solicite a la Audiencia de Barcelona que suspenda la pena de un a\u00f1o de c\u00e1rcel o la sustituya por una multa de 21 mil 600 euros. Se espera que en los pr\u00f3ximos d\u00edas el juez emita la sentencia deifnitiva.<\/p>\n<p style=\"text-align: center;\"><span style=\"color: #3366ff;\"><strong><a style=\"color: #3366ff;\" href=\"http:\/\/futboltotal.com.mx\/futbol-internacional\/\">LEER M\u00c1S: Todas las noticias de futbol internacional<\/a><\/strong><\/span><\/p>\n","protected":false},"excerpt":{"rendered":"<p>El jugador del Barcelona tambi\u00e9n pagar\u00e1 una multa de 800 mil euros<\/p>\n","protected":false},"author":20,"featured_media":350511,"comment_status":"closed","ping_status":"closed","sticky":false,"template":"","format":"standard","meta":[],"categories":[3839,3844],"tags":[5984,2337],"_links":{"self":[{"href":"http:\/\/desarrollo.grupomedios.com\/futbol\/wp-json\/wp\/v2\/posts\/350509"}],"collection":[{"href":"http:\/\/desarrollo.grupomedios.com\/futbol\/wp-json\/wp\/v2\/posts"}],"about":[{"href":"http:\/\/desarrollo.grupomedios.com\/futbol\/wp-json\/wp\/v2\/types\/post"}],"author":[{"embeddable":true,"href":"http:\/\/desarrollo.grupomedios.com\/futbol\/wp-json\/wp\/v2\/users\/20"}],"replies":[{"embeddable":true,"href":"http:\/\/desarrollo.grupomedios.com\/futbol\/wp-json\/wp\/v2\/comments?post=350509"}],"version-history":[{"count":0,"href":"http:\/\/desarrollo.grupomedios.com\/futbol\/wp-json\/wp\/v2\/posts\/350509\/revisions"}],"wp:featuredmedia":[{"embeddable":true,"href":"http:\/\/desarrollo.grupomedios.com\/futbol\/wp-json\/wp\/v2\/media\/350511"}],"wp:attachment":[{"href":"http:\/\/desarrollo.grupomedios.com\/futbol\/wp-json\/wp\/v2\/media?parent=350509"}],"wp:term":[{"taxonomy":"category","embeddable":true,"href":"http:\/\/desarrollo.grupomedios.com\/futbol\/wp-json\/wp\/v2\/categories?post=350509"},{"taxonomy":"post_tag","embeddable":true,"href":"http:\/\/desarrollo.grupomedios.com\/futbol\/wp-json\/wp\/v2\/tags?post=350509"}],"curies":[{"name":"wp","href":"https:\/\/api.w.org\/{rel}","templated":true}]}}