{"id":350541,"date":"2016-01-21T12:30:11","date_gmt":"2016-01-21T18:30:11","guid":{"rendered":"http:\/\/futboltotal.com.mx\/?p=350541"},"modified":"2016-01-21T12:32:54","modified_gmt":"2016-01-21T18:32:54","slug":"raul-jimenez-convive-con-aficionados-del-benfica","status":"publish","type":"post","link":"http:\/\/desarrollo.grupomedios.com\/futbol\/futbol-internacional\/raul-jimenez-convive-con-aficionados-del-benfica\/2016\/01","title":{"rendered":"Ra\u00fal Jim\u00e9nez convive con aficionados del Benfica"},"content":{"rendered":"<p><strong>Ra\u00fal Jim\u00e9nez<\/strong> convivi\u00f3 este mi\u00e9rcoles con los seguidores del <strong>Benfica<\/strong>. &#8220;Siempre es importante contar el apoyo de la afici\u00f3n&#8221;, dijo el delantero mexicano, quien poco a poco se va convirtiendo en \u00eddolo de los hinchas de las <em>\u00c1guilas<\/em>.<\/p>\n<p>&#8220;Estamos mejorando paso a paso, dando todo en el <strong>Benfica<\/strong>&#8220;, dijo Ra\u00fal Jim\u00e9nez, quien particip\u00f3 en una firma de aut\u00f3grafos,\u00a0sobre su desempe\u00f1o con el cuadro portugu\u00e9s.<\/p>\n<blockquote class=\"twitter-tweet\" lang=\"es\">\n<p dir=\"ltr\" lang=\"en\">But first&#8230; ?? <a href=\"https:\/\/twitter.com\/hashtag\/SejaOndeFor?src=hash\">#SejaOndeFor<\/a> <a href=\"https:\/\/twitter.com\/hashtag\/Juntos?src=hash\">#Juntos<\/a> <a href=\"https:\/\/t.co\/3ydu9khe1k\">pic.twitter.com\/3ydu9khe1k<\/a><\/p>\n<p>\u2014 Sport Lisboa Benfica (@SLBenfica) <a href=\"https:\/\/twitter.com\/SLBenfica\/status\/690229226440658944\">enero 21, 2016<\/a><\/p><\/blockquote>\n<p><script src=\"\/\/platform.twitter.com\/widgets.js\" async=\"\" charset=\"utf-8\"><\/script><\/p>\n<p style=\"text-align: center;\"><span style=\"color: #3366ff;\"><strong><a style=\"color: #3366ff;\" href=\"http:\/\/futboltotal.com.mx\/2016\/01\/raul-jimenez-con-mas-goles-que-sus-relevos-en-atletico-de-madrid\/\" target=\"_blank\">LEER M\u00c1S: Ra\u00fal Jim\u00e9nez, con m\u00e1s goles que sus relevos en Atl\u00e9tico<\/a><\/strong><\/span><\/p>\n<p>En la presente temporada, <strong>Ra\u00fal Jim\u00e9nez<\/strong> contabiliza seis goles con el Benfica.\u00a0Con m\u00e1s minutos en cancha, la productividad del mexicano ha ido en ascenso. Por ahora, contabiliza tres goles en la liga portuguesa,\u00a0dos tantos en <em>Champions<\/em> y uno m\u00e1s en la Copa de Portugal.<\/p>\n","protected":false},"excerpt":{"rendered":"<p>&#8220;Estamos mejorando paso a paso&#8221;, dijo el delantero mexicano<\/p>\n","protected":false},"author":20,"featured_media":350543,"comment_status":"closed","ping_status":"closed","sticky":false,"template":"","format":"standard","meta":[],"categories":[3839],"tags":[4545,742],"_links":{"self":[{"href":"http:\/\/desarrollo.grupomedios.com\/futbol\/wp-json\/wp\/v2\/posts\/350541"}],"collection":[{"href":"http:\/\/desarrollo.grupomedios.com\/futbol\/wp-json\/wp\/v2\/posts"}],"about":[{"href":"http:\/\/desarrollo.grupomedios.com\/futbol\/wp-json\/wp\/v2\/types\/post"}],"author":[{"embeddable":true,"href":"http:\/\/desarrollo.grupomedios.com\/futbol\/wp-json\/wp\/v2\/users\/20"}],"replies":[{"embeddable":true,"href":"http:\/\/desarrollo.grupomedios.com\/futbol\/wp-json\/wp\/v2\/comments?post=350541"}],"version-history":[{"count":0,"href":"http:\/\/desarrollo.grupomedios.com\/futbol\/wp-json\/wp\/v2\/posts\/350541\/revisions"}],"wp:featuredmedia":[{"embeddable":true,"href":"http:\/\/desarrollo.grupomedios.com\/futbol\/wp-json\/wp\/v2\/media\/350543"}],"wp:attachment":[{"href":"http:\/\/desarrollo.grupomedios.com\/futbol\/wp-json\/wp\/v2\/media?parent=350541"}],"wp:term":[{"taxonomy":"category","embeddable":true,"href":"http:\/\/desarrollo.grupomedios.com\/futbol\/wp-json\/wp\/v2\/categories?post=350541"},{"taxonomy":"post_tag","embeddable":true,"href":"http:\/\/desarrollo.grupomedios.com\/futbol\/wp-json\/wp\/v2\/tags?post=350541"}],"curies":[{"name":"wp","href":"https:\/\/api.w.org\/{rel}","templated":true}]}}