{"id":350635,"date":"2016-01-21T17:31:37","date_gmt":"2016-01-21T23:31:37","guid":{"rendered":"http:\/\/futboltotal.com.mx\/?p=350635"},"modified":"2016-01-21T17:32:16","modified_gmt":"2016-01-21T23:32:16","slug":"pablo-aurrecochea-el-portero-superheroe","status":"publish","type":"post","link":"http:\/\/desarrollo.grupomedios.com\/futbol\/futbol-internacional\/pablo-aurrecochea-el-portero-superheroe\/2016\/01","title":{"rendered":"Pablo Aurrecochea, el portero superh\u00e9roe"},"content":{"rendered":"<p>En los \u00faltimos a\u00f1os se ha puesto de moda lucir <strong>colores vistosos y llamativos en los uniformes<\/strong> de los porteros e incluso en algunas indumentarias visitantes. Pero uno de los que <a href=\"http:\/\/Jorge Campos, el l\u00edder azteca\">comenz\u00f3 con estas innovaciones fue Jorge Campos<\/a>, el <em>Brody<\/em> port\u00f3 distintos jersey coloridos con los que sol\u00eda defender su puerta; pero nunca con ayuda de un h\u00e9roe como lo hace <strong>Pablo Aurrecochea<\/strong>.<\/p>\n<p>Pablo es un portero uruguayo del Atlanta de la Primera B de Argentina y se le puede considerar como el &#8220;heredero de Campos&#8221;, pues as\u00ed como el cancerbero mexicano en su \u00e9poca, el meta <em>charr\u00faa<\/em>\u00a0ha llamado la atenci\u00f3n en sus equipos por llevar a sus h\u00e9roes y sus caricaturas favoritas en la camiseta.<\/p>\n<p><a href=\"http:\/\/futboltotal.com.mx\/2016\/01\/pablo-aurrecochea-el-portero-superheroe\/pablo-aurrecochea-el-portero-superheroe-2\/\" rel=\"attachment wp-att-350637\"><img decoding=\"async\" loading=\"lazy\" class=\"aligncenter size-full wp-image-350637\" src=\"http:\/\/futboltotal.com.mx\/wp-content\/uploads\/2016\/01\/Pablo-Aurrecochea-el-portero-superheroe.jpg\" alt=\"Pablo-Aurrecochea- el-portero-superheroe\" srcset=\"http:\/\/desarrollo.grupomedios.com\/futbol\/wp-content\/uploads\/2016\/01\/Pablo-Aurrecochea-el-portero-superheroe.jpg 1100w, http:\/\/desarrollo.grupomedios.com\/futbol\/wp-content\/uploads\/2016\/01\/Pablo-Aurrecochea-el-portero-superheroe-300x151.jpg 300w, http:\/\/desarrollo.grupomedios.com\/futbol\/wp-content\/uploads\/2016\/01\/Pablo-Aurrecochea-el-portero-superheroe-768x386.jpg 768w, http:\/\/desarrollo.grupomedios.com\/futbol\/wp-content\/uploads\/2016\/01\/Pablo-Aurrecochea-el-portero-superheroe-1024x515.jpg 1024w\" sizes=\"(max-width: 1100px) 100vw, 1100px\" \/><\/a><\/p>\n<p style=\"text-align: center;\"><strong><span style=\"color: #3366ff;\"><a style=\"color: #3366ff;\" href=\"http:\/\/futboltotal.com.mx\/2015\/10\/los-exoticos-uniformes-de-jorge-campos\/\">LEER M\u00c1S: Los ex\u00f3ticos uniformes de Jorge Campos<\/a><\/span><\/strong><\/p>\n<p>Desde el <em>Chapul\u00edn Colorado<\/em> hasta Batman y Spiderman, son algunos de los distintos personajes con los que el <em>Vasco<\/em> -como es apodado- sale a defender la puerta de su equipo.\u201cPartido tras partido estoy vistiendo una camiseta nueva. Tengo muchas opciones y me apetece, llama mucho la atenci\u00f3n y a la gente le gusta\u201d, dice <strong>Pablo Aurrecochea<\/strong>.<\/p>\n<p>Pero el uruguayo no se queda con toda la fama, pues asegura que gracias a su esposa se anim\u00f3 a lucir los dise\u00f1os en sus camisetas. \u201cFue idea de mi esposa, Noelia Viera; ella me ayuda a elegir la camiseta. Si hubiese sido por m\u00ed, quiz\u00e1s no se me habr\u00eda ocurrido&#8221;.<\/p>\n","protected":false},"excerpt":{"rendered":"<p>El arquero uruguayo hace tributo a los comics y caricaturas<\/p>\n","protected":false},"author":129,"featured_media":350637,"comment_status":"closed","ping_status":"closed","sticky":false,"template":"","format":"standard","meta":[],"categories":[3839,5951],"tags":[4545],"_links":{"self":[{"href":"http:\/\/desarrollo.grupomedios.com\/futbol\/wp-json\/wp\/v2\/posts\/350635"}],"collection":[{"href":"http:\/\/desarrollo.grupomedios.com\/futbol\/wp-json\/wp\/v2\/posts"}],"about":[{"href":"http:\/\/desarrollo.grupomedios.com\/futbol\/wp-json\/wp\/v2\/types\/post"}],"author":[{"embeddable":true,"href":"http:\/\/desarrollo.grupomedios.com\/futbol\/wp-json\/wp\/v2\/users\/129"}],"replies":[{"embeddable":true,"href":"http:\/\/desarrollo.grupomedios.com\/futbol\/wp-json\/wp\/v2\/comments?post=350635"}],"version-history":[{"count":0,"href":"http:\/\/desarrollo.grupomedios.com\/futbol\/wp-json\/wp\/v2\/posts\/350635\/revisions"}],"wp:featuredmedia":[{"embeddable":true,"href":"http:\/\/desarrollo.grupomedios.com\/futbol\/wp-json\/wp\/v2\/media\/350637"}],"wp:attachment":[{"href":"http:\/\/desarrollo.grupomedios.com\/futbol\/wp-json\/wp\/v2\/media?parent=350635"}],"wp:term":[{"taxonomy":"category","embeddable":true,"href":"http:\/\/desarrollo.grupomedios.com\/futbol\/wp-json\/wp\/v2\/categories?post=350635"},{"taxonomy":"post_tag","embeddable":true,"href":"http:\/\/desarrollo.grupomedios.com\/futbol\/wp-json\/wp\/v2\/tags?post=350635"}],"curies":[{"name":"wp","href":"https:\/\/api.w.org\/{rel}","templated":true}]}}