{"id":350712,"date":"2016-01-22T09:21:23","date_gmt":"2016-01-22T15:21:23","guid":{"rendered":"http:\/\/futboltotal.com.mx\/?p=350712"},"modified":"2016-01-22T14:42:41","modified_gmt":"2016-01-22T20:42:41","slug":"lewandowski-un-delantero-con-precio-de-locura","status":"publish","type":"post","link":"http:\/\/desarrollo.grupomedios.com\/futbol\/futbol-internacional\/lewandowski-un-delantero-con-precio-de-locura\/2016\/01","title":{"rendered":"Lewandowski, un delantero con precio de locura"},"content":{"rendered":"<p><strong>Robert Lewandowski<\/strong>, delantero del <strong>Bayern Munich<\/strong>, es contemplado como uno de los mejores delanteros del orbe. Por eso, el PSG, un club que espera dominar Europa a como d\u00e9 lugar, lo mantiene como su deseo y est\u00e1 dispuesto a ofrecer 100 millones de euros o m\u00e1s de ser necesario.<\/p>\n<p>Seg\u00fan cuenta el diario deportivo franc\u00e9s <em>L&#8217;Equipe<\/em> el due\u00f1o del PSG est\u00e1 convencido de que el ariete internacional polaco es el mejor recambio para Zlatan Ibrahimovic, que podr\u00eda abandonar el club ya que a\u00fan no ha renovado su contrato. El propio diario habla de que <strong>Lewandowsk<\/strong>i saldr\u00e1 del Bayern tras una oferta de m\u00e1s de<strong> 80\u00a0millones de euros<\/strong> por parte de la entidad parisina.<\/p>\n<p style=\"text-align: center;\"><strong><span style=\"color: #3366ff;\"><a style=\"color: #3366ff;\" href=\"http:\/\/futboltotal.com.mx\/2016\/01\/bundesliga-presume-a-marco-fabian\/\">LEER M\u00c1S: Bundesliga presume a Marco Fabi\u00e1n<\/a><\/span><\/strong><\/p>\n<p>Sin embargo, el PSG no es el \u00fanico club interesado en Lewandowski. De acuerdo a informaci\u00f3n de <em>AS<\/em>, Real Madrid le tiene tambi\u00e9n entre sus objetivos prioritarios, as\u00ed como el Manchester United, lo que podr\u00eda elevar su precio de compra a uno de locura.<\/p>\n<p>Lewandowski est\u00e1 cobrando con el Bayern Munich nueve millones de euros netos anuales y se mostr\u00f3 seducido por el inter\u00e9s, aunque cauto. &#8220;Me siento muy halagado por el inter\u00e9s del Paris Saint Germain&#8221;, dijo <strong>Lewandowski<\/strong> hace pocos d\u00edas cuando habl\u00f3 para el diario <em>T\u00e9l\u00e9foot<\/em> de Alemania.<\/p>\n<p>Todo apunta que el delantero polaco efectuar\u00e1 su salida del Bayern Munich el pr\u00f3ximo verano, pero Real Madrid tendr\u00eda que ficharlo antes del 29 de enero al estar sancionado, a menos que sea revocada la sanci\u00f3n por parte de la FIFA.<\/p>\n","protected":false},"excerpt":{"rendered":"<p>El PSG quiere al polaco como el reemplazo ante la inminente partida del sueco <\/p>\n","protected":false},"author":20,"featured_media":350716,"comment_status":"closed","ping_status":"closed","sticky":false,"template":"","format":"standard","meta":[],"categories":[3839,5951],"tags":[2056,114,6038],"_links":{"self":[{"href":"http:\/\/desarrollo.grupomedios.com\/futbol\/wp-json\/wp\/v2\/posts\/350712"}],"collection":[{"href":"http:\/\/desarrollo.grupomedios.com\/futbol\/wp-json\/wp\/v2\/posts"}],"about":[{"href":"http:\/\/desarrollo.grupomedios.com\/futbol\/wp-json\/wp\/v2\/types\/post"}],"author":[{"embeddable":true,"href":"http:\/\/desarrollo.grupomedios.com\/futbol\/wp-json\/wp\/v2\/users\/20"}],"replies":[{"embeddable":true,"href":"http:\/\/desarrollo.grupomedios.com\/futbol\/wp-json\/wp\/v2\/comments?post=350712"}],"version-history":[{"count":0,"href":"http:\/\/desarrollo.grupomedios.com\/futbol\/wp-json\/wp\/v2\/posts\/350712\/revisions"}],"wp:featuredmedia":[{"embeddable":true,"href":"http:\/\/desarrollo.grupomedios.com\/futbol\/wp-json\/wp\/v2\/media\/350716"}],"wp:attachment":[{"href":"http:\/\/desarrollo.grupomedios.com\/futbol\/wp-json\/wp\/v2\/media?parent=350712"}],"wp:term":[{"taxonomy":"category","embeddable":true,"href":"http:\/\/desarrollo.grupomedios.com\/futbol\/wp-json\/wp\/v2\/categories?post=350712"},{"taxonomy":"post_tag","embeddable":true,"href":"http:\/\/desarrollo.grupomedios.com\/futbol\/wp-json\/wp\/v2\/tags?post=350712"}],"curies":[{"name":"wp","href":"https:\/\/api.w.org\/{rel}","templated":true}]}}