{"id":350757,"date":"2016-01-22T13:04:25","date_gmt":"2016-01-22T19:04:25","guid":{"rendered":"http:\/\/futboltotal.com.mx\/?p=350757"},"modified":"2016-01-22T16:44:17","modified_gmt":"2016-01-22T22:44:17","slug":"armin-veh-sorprende-con-sus-frases-sobre-marco-fabian","status":"publish","type":"post","link":"http:\/\/desarrollo.grupomedios.com\/futbol\/futbol-internacional\/armin-veh-sorprende-con-sus-frases-sobre-marco-fabian\/2016\/01","title":{"rendered":"Armin Veh sorprende con frases sobre Marco Fabi\u00e1n"},"content":{"rendered":"<p>El estratega\u00a0del <strong>Eintracht Frankfurt<\/strong>, Armin Veh, se\u00f1al\u00f3\u00a0que <strong>Marco Fabi\u00e1n<\/strong> es un\u00a0futbolista\u00a0diferente, en gran medida por su capacidad para jugar en diferentes posiciones, sin embargo, se\u00f1al\u00f3 que lo m\u00e1s importante es que el futbolista se adapte al sistema de juego y con ello, podr\u00eda ser clave en el futuro de las \u00c1guilas.<\/p>\n<p>&#8220;Puede jugar de forma agresiva en todas las posiciones. Actualmente es medio y es seguro su mejor posici\u00f3n pero se ve que este sistema es el m\u00e1s adecuado para Marco&#8221;, expres\u00f3 Veh, en la conferencia de prensa previa al cotejo del domingo, en el cual podr\u00eda contar con sus primeros minutos en la Bundesliga el fichaje estrellas, <strong>Marco Fabi\u00e1n<\/strong>.<\/p>\n<p>Veh se mostr\u00f3 feliz por contar con Marco, pero indic\u00f3 que el equipo, m\u00e1s all\u00e1 de Fabi\u00e1n y debe mostrar cosas importantes en partidos oficiales ya que en los duelos amistosos que sostuvieron no convencieron a sus aficionados.<\/p>\n<p>Por otro lado, respecto a los otros fichajes y los jugadores que se han recuperado de sus respectivas lesiones, el estratega indic\u00f3 que &#8220;era importante que todos los jugadores se encuentren bien integrados&#8221;, aunque aclar\u00f3 que la plantilla todav\u00eda no alcanza su mejor nivel.<\/p>\n<p>&#8220;Hemos jugado mucho y hemos creado muchas ocasiones para marcar, y nuestro juego debe ser m\u00e1s variado y flexible. Los duelos de preparaci\u00f3n sirvieron pero en los amistosos no hemos convencido&#8221;, asegur\u00f3.<\/p>\n<p style=\"text-align: center;\"><strong><span style=\"color: #3366ff;\"><a style=\"color: #3366ff;\" href=\"http:\/\/futboltotal.com.mx\/2016\/01\/bundesliga-presume-a-marco-fabian\/\">LEER M\u00c1S: Bundesliga presume a Marco Fabi\u00e1n.<\/a><\/span><\/strong><\/p>\n","protected":false},"excerpt":{"rendered":"<p>El timonel ya dirigi\u00f3 en el pasado a Ricardo Osorio y Pavel Pardo <\/p>\n","protected":false},"author":20,"featured_media":350761,"comment_status":"closed","ping_status":"closed","sticky":false,"template":"","format":"standard","meta":[],"categories":[3839,5951],"tags":[6719,3588,131],"_links":{"self":[{"href":"http:\/\/desarrollo.grupomedios.com\/futbol\/wp-json\/wp\/v2\/posts\/350757"}],"collection":[{"href":"http:\/\/desarrollo.grupomedios.com\/futbol\/wp-json\/wp\/v2\/posts"}],"about":[{"href":"http:\/\/desarrollo.grupomedios.com\/futbol\/wp-json\/wp\/v2\/types\/post"}],"author":[{"embeddable":true,"href":"http:\/\/desarrollo.grupomedios.com\/futbol\/wp-json\/wp\/v2\/users\/20"}],"replies":[{"embeddable":true,"href":"http:\/\/desarrollo.grupomedios.com\/futbol\/wp-json\/wp\/v2\/comments?post=350757"}],"version-history":[{"count":0,"href":"http:\/\/desarrollo.grupomedios.com\/futbol\/wp-json\/wp\/v2\/posts\/350757\/revisions"}],"wp:featuredmedia":[{"embeddable":true,"href":"http:\/\/desarrollo.grupomedios.com\/futbol\/wp-json\/wp\/v2\/media\/350761"}],"wp:attachment":[{"href":"http:\/\/desarrollo.grupomedios.com\/futbol\/wp-json\/wp\/v2\/media?parent=350757"}],"wp:term":[{"taxonomy":"category","embeddable":true,"href":"http:\/\/desarrollo.grupomedios.com\/futbol\/wp-json\/wp\/v2\/categories?post=350757"},{"taxonomy":"post_tag","embeddable":true,"href":"http:\/\/desarrollo.grupomedios.com\/futbol\/wp-json\/wp\/v2\/tags?post=350757"}],"curies":[{"name":"wp","href":"https:\/\/api.w.org\/{rel}","templated":true}]}}