{"id":350809,"date":"2016-01-23T08:00:15","date_gmt":"2016-01-23T14:00:15","guid":{"rendered":"http:\/\/futboltotal.com.mx\/?p=350809"},"modified":"2016-01-23T08:41:45","modified_gmt":"2016-01-23T14:41:45","slug":"5-grandes-momentos-de-marco-fabian","status":"publish","type":"post","link":"http:\/\/desarrollo.grupomedios.com\/futbol\/destacado-home\/5-grandes-momentos-de-marco-fabian\/2016\/01","title":{"rendered":"5 grandes momentos de Marco Fabi\u00e1n"},"content":{"rendered":"<p>[video_player]https:\/\/player.vimeo.com\/external\/152741131.hd.mp4?s=2d1d62a757cbbb0bb636df56303478406941829e&amp;profile_id=113[\/video_player]<\/p>\n<p>El domingo es un d\u00eda de esos que pueden ser hist\u00f3ricos para <strong>Marco Fabi\u00e1n<\/strong>. El canterano de Chivas, despu\u00e9s de casi 10 a\u00f1os de trayectoria y un sinf\u00edn de conexiones con diversos clubes en Europa y otras latitudes, podr\u00eda debutar en la Bundesliga, con el Eintracht Frankfurt.<\/p>\n<p>Con el 10 en su espalda, <strong>Marco Fabi\u00e1n<\/strong> deber\u00e1 demostrar que sus capacidades son dignas de un certamen tan poderoso como la Bundesliga y su sinodal ser\u00e1 el Wolfsburgo, uno de los equipos con mejor presente en el futbol alem\u00e1n.<\/p>\n<p>La semana pasada, el mediocampista mexicano, meci\u00f3 por primera vez las redes con el Eintracht Frankfurt en un amistoso y lo hizo por partida doble. El estratega Armin Veh est\u00e1 consciente de sus condiciones y <strong><span style=\"color: #3366ff;\"><a style=\"color: #3366ff;\" href=\"http:\/\/futboltotal.com.mx\/2016\/01\/armin-veh-sorprende-con-sus-frases-sobre-marco-fabian\/\">espera explotar al m\u00e1ximo esas destrezas<\/a><\/span><\/strong>.\u00a0\u201cPuede jugar de forma agresiva en todas las posiciones. Actualmente es medio y es seguro su mejor posici\u00f3n pero se ve que este sistema es el m\u00e1s adecuado para Marco\u201d.<\/p>\n<p>24 de enero es el d\u00eda marcado en el calendario para el debut del 10 de las \u00c1guilas de Frankfurt. Ese instante quedar\u00e1 grabado en letras de oro, en caso de concretarse su estreno, mientras tanto, Futbol Total rememora <strong>5 grandes momentos de Marco Fabi\u00e1n.\u00a0<\/strong><\/p>\n<p style=\"text-align: center;\"><strong><span style=\"color: #3366ff;\"><a style=\"color: #3366ff;\" href=\"http:\/\/futboltotal.com.mx\/2016\/01\/armin-veh-sorprende-con-sus-frases-sobre-marco-fabian\/\">LEER M\u00c1S: Armin Veh sorprende con sus frases sobre Marco Fabi\u00e1n.<\/a><\/span><\/strong><\/p>\n<p>&nbsp;<\/p>\n","protected":false},"excerpt":{"rendered":"<p>Domingo 24 de enero, el d\u00eda en que Marquito sue\u00f1a con debutar en Bundesliga <\/p>\n","protected":false},"author":20,"featured_media":350811,"comment_status":"closed","ping_status":"closed","sticky":false,"template":"","format":"standard","meta":[],"categories":[5,3839],"tags":[3588,131],"_links":{"self":[{"href":"http:\/\/desarrollo.grupomedios.com\/futbol\/wp-json\/wp\/v2\/posts\/350809"}],"collection":[{"href":"http:\/\/desarrollo.grupomedios.com\/futbol\/wp-json\/wp\/v2\/posts"}],"about":[{"href":"http:\/\/desarrollo.grupomedios.com\/futbol\/wp-json\/wp\/v2\/types\/post"}],"author":[{"embeddable":true,"href":"http:\/\/desarrollo.grupomedios.com\/futbol\/wp-json\/wp\/v2\/users\/20"}],"replies":[{"embeddable":true,"href":"http:\/\/desarrollo.grupomedios.com\/futbol\/wp-json\/wp\/v2\/comments?post=350809"}],"version-history":[{"count":0,"href":"http:\/\/desarrollo.grupomedios.com\/futbol\/wp-json\/wp\/v2\/posts\/350809\/revisions"}],"wp:featuredmedia":[{"embeddable":true,"href":"http:\/\/desarrollo.grupomedios.com\/futbol\/wp-json\/wp\/v2\/media\/350811"}],"wp:attachment":[{"href":"http:\/\/desarrollo.grupomedios.com\/futbol\/wp-json\/wp\/v2\/media?parent=350809"}],"wp:term":[{"taxonomy":"category","embeddable":true,"href":"http:\/\/desarrollo.grupomedios.com\/futbol\/wp-json\/wp\/v2\/categories?post=350809"},{"taxonomy":"post_tag","embeddable":true,"href":"http:\/\/desarrollo.grupomedios.com\/futbol\/wp-json\/wp\/v2\/tags?post=350809"}],"curies":[{"name":"wp","href":"https:\/\/api.w.org\/{rel}","templated":true}]}}