{"id":351157,"date":"2016-01-23T19:09:27","date_gmt":"2016-01-24T01:09:27","guid":{"rendered":"http:\/\/futboltotal.com.mx\/?p=351157"},"modified":"2016-01-23T19:12:13","modified_gmt":"2016-01-24T01:12:13","slug":"resuelven-misterio-de-las-canchas-de-supercampeones","status":"publish","type":"post","link":"http:\/\/desarrollo.grupomedios.com\/futbol\/no-todo-es-futbol\/resuelven-misterio-de-las-canchas-de-supercampeones\/2016\/01","title":{"rendered":"Resuelven el misterio de las canchas de Supercampeones"},"content":{"rendered":"<p>El creador de <strong>Capit\u00e1n Tsubasa<\/strong> o <strong>Supercampeones<\/strong>, Yoichi Takahashi, explic\u00f3 en una entrevista, el porqu\u00e9 las canchas de futbol del anime parec\u00edan ser infinitas; pues fue una caracter\u00edstica que distingui\u00f3 a la serie animada del mismo manga, su producto de origen.<\/p>\n<p>La serie <strong>Supercampeones<\/strong> presentaba canchas que eran dif\u00edciles de correr, pues ten\u00edan que pasar varios cap\u00edtulos para que se terminara una jugada, y m\u00e1s a\u00fan, para que terminara un cotejo; pero la raz\u00f3n por la que los terrenos de juego parec\u00edan inmensos, era por la adaptaci\u00f3n del manga al anime, ya que, se ten\u00eda que cubrir media hora de transmisi\u00f3n, rubro que no se cumpl\u00eda con la simple adaptaci\u00f3n de la edici\u00f3n impresa del <strong>Capit\u00e1n Tsubasa<\/strong>.<\/p>\n<p style=\"text-align: center;\"><span style=\"color: #3366ff;\"><strong><a style=\"color: #3366ff;\" href=\"http:\/\/futboltotal.com.mx\/2016\/01\/los-animes-de-futbol-que-debes-ver\/\" target=\"_blank\">LEER M\u00c1S: Animes de<br \/>\nfutbol que debes ver<\/a><\/strong><\/span><\/p>\n<p>&#8220;En primer lugar hay que decir que el manga, o sea el c\u00f3mic, es distinto a la animaci\u00f3n. Porque, claro, en la animaci\u00f3n hay que llenar 30 minutos. Y hay una parte que son los sentimientos de los personajes&#8221;, explic\u00f3 el creador de <strong>Supercampeones<\/strong> en un programa espa\u00f1ol.<\/p>\n<p>Yoichi Takahashi hizo hincapi\u00e9 en los pensamientos de los protagonistas, pues la cuesti\u00f3n del tiempo de emisi\u00f3n del programa, no era la \u00fanica causa para que las canchas de <strong>Supercampeones<\/strong> fueran inmensas, sino que adem\u00e1s, la otra raz\u00f3n era la psicolog\u00eda de los personajes, ya que era indispensable que se dieran a conocer sus sentimientos, para entender la historia.<\/p>\n<p>&#8220;Entonces no s\u00f3lo se trata de explicar lo que est\u00e1 ocurriendo en el campo, sino tambi\u00e9n explic\u00e1bamos el mundo interior de los personajes. Y esa parte, claro, ocupa un tiempo y hay que hacerla gr\u00e1fica&#8221;, concluy\u00f3 el creador de los <strong>Supercampeones<\/strong>.<\/p>\n","protected":false},"excerpt":{"rendered":"<p>Creador de la serie da explicaci\u00f3n sobre la inmensidad de las dimensiones del campo<\/p>\n","protected":false},"author":20,"featured_media":351168,"comment_status":"closed","ping_status":"closed","sticky":false,"template":"","format":"standard","meta":[],"categories":[5419,5418],"tags":[6435,5460,5175],"_links":{"self":[{"href":"http:\/\/desarrollo.grupomedios.com\/futbol\/wp-json\/wp\/v2\/posts\/351157"}],"collection":[{"href":"http:\/\/desarrollo.grupomedios.com\/futbol\/wp-json\/wp\/v2\/posts"}],"about":[{"href":"http:\/\/desarrollo.grupomedios.com\/futbol\/wp-json\/wp\/v2\/types\/post"}],"author":[{"embeddable":true,"href":"http:\/\/desarrollo.grupomedios.com\/futbol\/wp-json\/wp\/v2\/users\/20"}],"replies":[{"embeddable":true,"href":"http:\/\/desarrollo.grupomedios.com\/futbol\/wp-json\/wp\/v2\/comments?post=351157"}],"version-history":[{"count":0,"href":"http:\/\/desarrollo.grupomedios.com\/futbol\/wp-json\/wp\/v2\/posts\/351157\/revisions"}],"wp:featuredmedia":[{"embeddable":true,"href":"http:\/\/desarrollo.grupomedios.com\/futbol\/wp-json\/wp\/v2\/media\/351168"}],"wp:attachment":[{"href":"http:\/\/desarrollo.grupomedios.com\/futbol\/wp-json\/wp\/v2\/media?parent=351157"}],"wp:term":[{"taxonomy":"category","embeddable":true,"href":"http:\/\/desarrollo.grupomedios.com\/futbol\/wp-json\/wp\/v2\/categories?post=351157"},{"taxonomy":"post_tag","embeddable":true,"href":"http:\/\/desarrollo.grupomedios.com\/futbol\/wp-json\/wp\/v2\/tags?post=351157"}],"curies":[{"name":"wp","href":"https:\/\/api.w.org\/{rel}","templated":true}]}}