{"id":351386,"date":"2016-01-24T11:46:13","date_gmt":"2016-01-24T17:46:13","guid":{"rendered":"http:\/\/futboltotal.com.mx\/?p=351386"},"modified":"2016-01-24T11:46:49","modified_gmt":"2016-01-24T17:46:49","slug":"louis-van-gaal-da-cachetada-a-periodista","status":"publish","type":"post","link":"http:\/\/desarrollo.grupomedios.com\/futbol\/videos\/louis-van-gaal-da-cachetada-a-periodista\/2016\/01","title":{"rendered":"Louis Van Gaal da cachetada a periodista"},"content":{"rendered":"<p>El director t\u00e9cnico del Manchester United, <strong>Louis Van Gaal<\/strong>, fue cuestionado sobre el desempe\u00f1o del equipo en los \u00faltimos partidos, luego de que los <em>Red Devils<\/em> cayeran 1-0 ante el Southampton, en la jornada 23 de la Liga Premier. Un periodista se aproxim\u00f3 a \u00e9l y le pregunt\u00f3 por el nivel del club, y sobre los rumores de la incorporaci\u00f3n de Ashley Cole.<\/p>\n<p><strong>Louis Van Gaal<\/strong> se detuvo un momento y le contest\u00f3 &#8220;Ashley Cole no juega desde hace un a\u00f1o&#8221;, le dio una peque\u00f1a bofetada al periodista y se march\u00f3.<\/p>\n<p><iframe loading=\"lazy\" src=\"https:\/\/www.youtube.com\/embed\/p_E0UrIYRE0\" frameborder=\"0\" allowfullscreen><\/iframe><\/p>\n","protected":false},"excerpt":{"rendered":"<p>Parece que el estratega ya no puede con la presi\u00f3n<\/p>\n","protected":false},"author":20,"featured_media":351391,"comment_status":"closed","ping_status":"closed","sticky":false,"template":"","format":"standard","meta":[],"categories":[3839,4],"tags":[780],"_links":{"self":[{"href":"http:\/\/desarrollo.grupomedios.com\/futbol\/wp-json\/wp\/v2\/posts\/351386"}],"collection":[{"href":"http:\/\/desarrollo.grupomedios.com\/futbol\/wp-json\/wp\/v2\/posts"}],"about":[{"href":"http:\/\/desarrollo.grupomedios.com\/futbol\/wp-json\/wp\/v2\/types\/post"}],"author":[{"embeddable":true,"href":"http:\/\/desarrollo.grupomedios.com\/futbol\/wp-json\/wp\/v2\/users\/20"}],"replies":[{"embeddable":true,"href":"http:\/\/desarrollo.grupomedios.com\/futbol\/wp-json\/wp\/v2\/comments?post=351386"}],"version-history":[{"count":0,"href":"http:\/\/desarrollo.grupomedios.com\/futbol\/wp-json\/wp\/v2\/posts\/351386\/revisions"}],"wp:featuredmedia":[{"embeddable":true,"href":"http:\/\/desarrollo.grupomedios.com\/futbol\/wp-json\/wp\/v2\/media\/351391"}],"wp:attachment":[{"href":"http:\/\/desarrollo.grupomedios.com\/futbol\/wp-json\/wp\/v2\/media?parent=351386"}],"wp:term":[{"taxonomy":"category","embeddable":true,"href":"http:\/\/desarrollo.grupomedios.com\/futbol\/wp-json\/wp\/v2\/categories?post=351386"},{"taxonomy":"post_tag","embeddable":true,"href":"http:\/\/desarrollo.grupomedios.com\/futbol\/wp-json\/wp\/v2\/tags?post=351386"}],"curies":[{"name":"wp","href":"https:\/\/api.w.org\/{rel}","templated":true}]}}