{"id":351448,"date":"2016-01-25T10:22:50","date_gmt":"2016-01-25T16:22:50","guid":{"rendered":"http:\/\/futboltotal.com.mx\/?p=351448"},"modified":"2016-01-25T10:22:33","modified_gmt":"2016-01-25T16:22:33","slug":"5-debuts-sonados-de-mexicanos-en-europa","status":"publish","type":"post","link":"http:\/\/desarrollo.grupomedios.com\/futbol\/destacado-home\/5-debuts-sonados-de-mexicanos-en-europa\/2016\/01","title":{"rendered":"5 debuts so\u00f1ados de mexicanos en Europa"},"content":{"rendered":"<p><span style=\"color: #000000;\">Los <strong>mexicanos<\/strong> no dejan de brillar en Europa y el fin de semana representa el ejemplo perfecto de la evoluci\u00f3n de sus carreras y la\u00a0importancia con que exponen\u00a0para sus equipos. El viernes empez\u00f3 todo el festival de actuaciones notables para los connacionales<\/span> <span style=\"color: #3366ff;\"><strong><a style=\"color: #3366ff;\" href=\"http:\/\/futboltotal.com.mx\/2016\/01\/carlos-vela-regreso-al-gol-con-la-real-sociedad\/\">con el gol de Carlos Vela<\/a><\/strong><\/span>, <span style=\"color: #000000;\">luego de casi tres meses sin mecer las redes rivales. <\/span><\/p>\n<p><span style=\"color: #000000;\">El s\u00e1bado, cuando todos esperaban un arranque goleador de a\u00f1o para Chicharito en la Bundesliga, el que sorprendi\u00f3 fue Alan Pulido, atacante que por primera vez salt\u00f3 como titular con el Olympiacos en Liga y no solo eso, tambi\u00e9n<\/span><strong><span style=\"color: #3366ff;\"><a style=\"color: #3366ff;\" href=\"http:\/\/futboltotal.com.mx\/2016\/01\/alan-pulido-titular-y-con-gol-en-victoria-de-olympiakos\/\"> resolvi\u00f3 el encuentro con solitaria anotaci\u00f3n<\/a><\/span><\/strong>.<\/p>\n<p><span style=\"color: #000000;\">Ya para el domingo, PSV gole\u00f3 y todo gracias a sus jugadores aztecas:<\/span> <strong><span style=\"color: #3366ff;\"><a style=\"color: #3366ff;\" href=\"http:\/\/futboltotal.com.mx\/2016\/01\/hector-moreno-hace-doblete-con-psv\/\">doblete de Moreno y tres asistencias para Andr\u00e9s Guardado<\/a><\/span><\/strong>, <span style=\"color: #000000;\">eso s\u00ed, quien se llev\u00f3 las palmas en su estreno fue Marco Fabi\u00e1n, que<\/span> <span style=\"color: #3366ff;\"><strong><a style=\"color: #3366ff;\" href=\"http:\/\/futboltotal.com.mx\/2016\/01\/marco-fabian-debuta-con-eintracht-frankfurt\/\">deslumbr\u00f3 en su primer duelo con el Eintracht Frankfurt<\/a><span style=\"color: #000000;\">\u00a0<\/span><\/strong><span style=\"color: #000000;\">y por ese motivo recordamos\u00a0<\/span><strong><span style=\"color: #000000;\">5 debuts so\u00f1ados de mexicanos en Europa.\u00a0<\/span><\/strong><\/span><\/p>\n<p><span style=\"color: #ff0000;\">Tecatito Corona \u00a0| <span style=\"color: #000000;\">Cierto es que <em>Chuy<\/em> ya ten\u00eda experiencia en el <em>Viejo Continente<\/em> (Twente fue su primer equipo), pero su estreno en Portugal no pudo encontrar mejor manera que la de ser la estrella del Porto. En unos cuantos minutos defini\u00f3 la batalla con un doblete ante el Arouca que ayud\u00f3 al triunfo (1-3).\u00a0<\/span><\/span><\/p>\n<p><a href=\"http:\/\/futboltotal.com.mx\/wp-content\/uploads\/2016\/01\/Tecatito-Corona-doblete-con-Porto-.jpg\" rel=\"attachment wp-att-351470\"><img decoding=\"async\" loading=\"lazy\" class=\"wp-image-351470 size-full aligncenter\" src=\"http:\/\/futboltotal.com.mx\/wp-content\/uploads\/2016\/01\/Tecatito-Corona-doblete-con-Porto-.jpg\" alt=\"5 debuts so\u00f1ados de mexicanos en Europa 0\" srcset=\"http:\/\/desarrollo.grupomedios.com\/futbol\/wp-content\/uploads\/2016\/01\/Tecatito-Corona-doblete-con-Porto-.jpg 820w, http:\/\/desarrollo.grupomedios.com\/futbol\/wp-content\/uploads\/2016\/01\/Tecatito-Corona-doblete-con-Porto--300x128.jpg 300w, http:\/\/desarrollo.grupomedios.com\/futbol\/wp-content\/uploads\/2016\/01\/Tecatito-Corona-doblete-con-Porto--768x328.jpg 768w\" sizes=\"(max-width: 820px) 100vw, 820px\" \/><\/a><\/p>\n<p><span style=\"color: #ff0000;\">Chicharito\u00a0| <span style=\"color: #000000;\">En su primer partido oficial en Europa, Javier Hern\u00e1ndez marc\u00f3 diferencias y lo hizo de una forma bastante peculiar. Chicharito ingres\u00f3 como cambio en un duelo de Community Shield y puso el gol que sell\u00f3 la victoria para los <em>Red Devils<\/em> al minuto 75. \u00a0Tras una gran escapada de Valencia puso un pase exacto a la llegada del mexicano que bati\u00f3 a Cech con un gol de nariz, luego de contactar mal la pelota con su derecha para enviarla de forma directa a su cara y, posteriormente, a las redes del conjunto <em>blue<\/em>.\u00a0<\/span><\/span><\/p>\n<p><iframe loading=\"lazy\" src=\"https:\/\/www.youtube.com\/embed\/I3vWMEwZMQE\" frameborder=\"0\" allowfullscreen=\"allowfullscreen\"><\/iframe><\/p>\n<p><span style=\"color: #ff0000;\">Alan Pulido\u00a0| <span style=\"color: #000000;\">A pesar de que casi no juega, el tamaulipeco s\u00ed\u00a0que brilla en sus debuts, al menos en Europa. Con el Levadiakos disput\u00f3 seis encuentros en Liga y marc\u00f3 solo un gol, obviamente en su estreno, el 9 de marzo del 2015, colaborando en una victoria ante el Platanias (1-3). El s\u00e1bado repiti\u00f3 la f\u00f3rmula, en su primer partido de titular como\u00a0futbolista del Olympiacos en Liga, Pulido marc\u00f3 el \u00fanico tanto en la victoria\u00a0frente al Xanthi.<\/span><\/span><\/p>\n<p><iframe loading=\"lazy\" src=\"https:\/\/www.youtube.com\/embed\/emKdYPZ4Nc0\" frameborder=\"0\" allowfullscreen=\"allowfullscreen\"><\/iframe><\/p>\n<p><span style=\"color: #ff0000;\">Miguel Lay\u00fan |\u00a0<span style=\"color: #000000;\">Tras medio a\u00f1o demostrando su capacidad en The Championship, Watford no se coron\u00f3 pero logr\u00f3 el ansiado objetivo: el ascenso. Ya en la Premier League, el mexicano tuvo la oportunidad de debutar ante el Everton y el primer gol de los <em>Hornets<\/em> tras el ascenso fue culpa de Lay\u00fan. Con el paso de las semanas perdi\u00f3 su puesto como indiscutible en la escuadra inglesa y lleg\u00f3 al Porto&#8230; pero eso es otra historia.\u00a0<\/span><\/span><\/p>\n<p><iframe loading=\"lazy\" src=\"https:\/\/www.youtube.com\/embed\/49M804VISbw\" frameborder=\"0\" allowfullscreen=\"allowfullscreen\"><\/iframe><\/p>\n<p><span style=\"color: #ff0000;\">Marco Fabi\u00e1n\u00a0|<span style=\"color: #000000;\"> El campe\u00f3n ol\u00edmpico con M\u00e9xico en Londres 2012 demostr\u00f3 tan solo una de sus virtudes sobre el fianl de su partido debut en la Bundesliga. <em>Marquito<\/em> se gan\u00f3 los aplausos del p\u00fablico con una jugada de habilidad pura. Empez\u00f3 asfixiado en la banda y se invent\u00f3 un ca\u00f1o, sigui\u00f3 su manual de desborde con recorte y finiquit\u00f3 con un disparo fuerte. El rebotre de Benaglio cay\u00f3 a los pies del tit\u00e1n Meier que, no perdon\u00f3 y firm\u00f3 su hat-trick en una voltereta espectacular en la que Marco Fabi\u00e1n brill\u00f3 y le cambi\u00f3 la cara al Eintracht Frankfurt.\u00a0<\/span><\/span><\/p>\n<p><iframe loading=\"lazy\" src=\"https:\/\/www.youtube.com\/embed\/q8qMQRvXahk\" frameborder=\"0\" allowfullscreen=\"allowfullscreen\"><\/iframe><\/p>\n<p style=\"text-align: center;\"><strong><span style=\"color: #3366ff;\"><a style=\"color: #3366ff;\" href=\"http:\/\/futboltotal.com.mx\/2016\/01\/marco-fabian-debuta-con-eintracht-frankfurt\/\">LEER M\u00c1S: Marco Fabi\u00e1n brilla en debut con Eintracht Frankfurt.<\/a><\/span><\/strong><\/p>\n","protected":false},"excerpt":{"rendered":"<p>El exitoso debut de Marco Fabi\u00e1n es el motivo perfecto para rememorar unos cuantos momentos<\/p>\n","protected":false},"author":20,"featured_media":351663,"comment_status":"closed","ping_status":"closed","sticky":false,"template":"","format":"standard","meta":[],"categories":[5,3839],"tags":[131,4545],"_links":{"self":[{"href":"http:\/\/desarrollo.grupomedios.com\/futbol\/wp-json\/wp\/v2\/posts\/351448"}],"collection":[{"href":"http:\/\/desarrollo.grupomedios.com\/futbol\/wp-json\/wp\/v2\/posts"}],"about":[{"href":"http:\/\/desarrollo.grupomedios.com\/futbol\/wp-json\/wp\/v2\/types\/post"}],"author":[{"embeddable":true,"href":"http:\/\/desarrollo.grupomedios.com\/futbol\/wp-json\/wp\/v2\/users\/20"}],"replies":[{"embeddable":true,"href":"http:\/\/desarrollo.grupomedios.com\/futbol\/wp-json\/wp\/v2\/comments?post=351448"}],"version-history":[{"count":0,"href":"http:\/\/desarrollo.grupomedios.com\/futbol\/wp-json\/wp\/v2\/posts\/351448\/revisions"}],"wp:featuredmedia":[{"embeddable":true,"href":"http:\/\/desarrollo.grupomedios.com\/futbol\/wp-json\/wp\/v2\/media\/351663"}],"wp:attachment":[{"href":"http:\/\/desarrollo.grupomedios.com\/futbol\/wp-json\/wp\/v2\/media?parent=351448"}],"wp:term":[{"taxonomy":"category","embeddable":true,"href":"http:\/\/desarrollo.grupomedios.com\/futbol\/wp-json\/wp\/v2\/categories?post=351448"},{"taxonomy":"post_tag","embeddable":true,"href":"http:\/\/desarrollo.grupomedios.com\/futbol\/wp-json\/wp\/v2\/tags?post=351448"}],"curies":[{"name":"wp","href":"https:\/\/api.w.org\/{rel}","templated":true}]}}