{"id":351489,"date":"2016-01-24T16:33:49","date_gmt":"2016-01-24T22:33:49","guid":{"rendered":"http:\/\/futboltotal.com.mx\/?p=351489"},"modified":"2016-01-24T17:19:22","modified_gmt":"2016-01-24T23:19:22","slug":"con-asistencia-de-miguel-layun-fc-porto-obtiene-victoria","status":"publish","type":"post","link":"http:\/\/desarrollo.grupomedios.com\/futbol\/destacado-home\/con-asistencia-de-miguel-layun-fc-porto-obtiene-victoria\/2016\/01","title":{"rendered":"Con pase de Lay\u00fan, FC Porto obtiene la victoria"},"content":{"rendered":"<p>En partido correspondiente a la jornada 19 de la Primeira Liga de Portugal, <strong>FC Porto<\/strong> recibi\u00f3 al Mar\u00edtimo en el estadio do Dragao, en busca de volver a la senda de la victoria, donde, con la participaci\u00f3n de los tres mexicanos <strong>H\u00e9ctor Herrera<\/strong>, <strong>Miguel Lay\u00fan<\/strong> y <strong>Jes\u00fas Tecatito Corona<\/strong>, lograron ganar por la m\u00ednima diferencia.<\/p>\n<p>En un juego sumamente parejo <strong>FC Porto<\/strong> se comport\u00f3 ligeramente mejor que Mar\u00edtimo, y esa diferencia se mostr\u00f3 al 22\u2019, cuando un servicio de <strong>Miguel Lay\u00fan<\/strong> al \u00e1rea, fue concretado por Andr\u00e9 Andr\u00e9, quien dispar\u00f3 un fierrazo que se estrell\u00f3 en el poste y luego peg\u00f3 en el cancerbero del Mar\u00edtimo para convertirse, en el \u00fanico tanto del encuentro. <\/p>\n<p>En la parte complementaria, <strong>Jes\u00fas Tecatito Corona<\/strong> tuvo tres buenas acciones; sin embargo, en una ocasi\u00f3n le marcaron posici\u00f3n adelantada, de forma err\u00f3nea, en otra, el guardameta del Mar\u00edtimo, Salin, evit\u00f3 que el mexicano marcara el segundo tanto del encuentro, y en la primera de ellas, fall\u00f3, pese a estar solo frente al marco.<\/p>\n<p><strong>H\u00e9ctor Herrera<\/strong>, quien tuvo una actuaci\u00f3n regular, jug\u00f3 72 minutos del cotejo, mientras que <strong>Miguel Lay\u00fan<\/strong> y <strong>Jes\u00fas Tecatito Corona<\/strong>, participaron en todo el encuentro. Este resultado significa la primera victoria de Jos\u00e9 Peseiro como estratega del <strong>FC Porto<\/strong>, que los mantiene en el tercer lugar de la competencia..<\/p>\n<p>A continuaci\u00f3n, dejamos la jugada del gol donde particip\u00f3 <strong>Miguel Lay\u00fan<\/strong>, quien lleg\u00f3 a 10 asistencias en la Primeira Liga de Portugal, con el <strong>FC Porto<\/strong>.<\/p>\n<blockquote class=\"twitter-tweet\" data-lang=\"es\">\n<p lang=\"es\" dir=\"ltr\">As\u00ed fue la asistencia de <a href=\"https:\/\/twitter.com\/Miguel_layun\">@miguel_Layun<\/a> <a href=\"https:\/\/twitter.com\/hashtag\/Porto?src=hash\">#Porto<\/a> 1-0 Maritimo  <a href=\"https:\/\/twitter.com\/hashtag\/SomosPorto?src=hash\">#SomosPorto<\/a> ? <a href=\"https:\/\/t.co\/WK6dMuNU4F\">pic.twitter.com\/WK6dMuNU4F<\/a><\/p>\n<p>&mdash; Team Layun (@teamlayun) <a href=\"https:\/\/twitter.com\/teamlayun\/status\/691376907070246912\">enero 24, 2016<\/a><\/p><\/blockquote>\n<p><script async src=\"\/\/platform.twitter.com\/widgets.js\" charset=\"utf-8\"><\/script><\/p>\n","protected":false},"excerpt":{"rendered":"<p>Los tres mexicanos tuvieron participaci\u00f3n en el partido<\/p>\n","protected":false},"author":20,"featured_media":351492,"comment_status":"closed","ping_status":"closed","sticky":false,"template":"","format":"standard","meta":[],"categories":[5,3839],"tags":[2153,5995,3770,1035],"_links":{"self":[{"href":"http:\/\/desarrollo.grupomedios.com\/futbol\/wp-json\/wp\/v2\/posts\/351489"}],"collection":[{"href":"http:\/\/desarrollo.grupomedios.com\/futbol\/wp-json\/wp\/v2\/posts"}],"about":[{"href":"http:\/\/desarrollo.grupomedios.com\/futbol\/wp-json\/wp\/v2\/types\/post"}],"author":[{"embeddable":true,"href":"http:\/\/desarrollo.grupomedios.com\/futbol\/wp-json\/wp\/v2\/users\/20"}],"replies":[{"embeddable":true,"href":"http:\/\/desarrollo.grupomedios.com\/futbol\/wp-json\/wp\/v2\/comments?post=351489"}],"version-history":[{"count":0,"href":"http:\/\/desarrollo.grupomedios.com\/futbol\/wp-json\/wp\/v2\/posts\/351489\/revisions"}],"wp:featuredmedia":[{"embeddable":true,"href":"http:\/\/desarrollo.grupomedios.com\/futbol\/wp-json\/wp\/v2\/media\/351492"}],"wp:attachment":[{"href":"http:\/\/desarrollo.grupomedios.com\/futbol\/wp-json\/wp\/v2\/media?parent=351489"}],"wp:term":[{"taxonomy":"category","embeddable":true,"href":"http:\/\/desarrollo.grupomedios.com\/futbol\/wp-json\/wp\/v2\/categories?post=351489"},{"taxonomy":"post_tag","embeddable":true,"href":"http:\/\/desarrollo.grupomedios.com\/futbol\/wp-json\/wp\/v2\/tags?post=351489"}],"curies":[{"name":"wp","href":"https:\/\/api.w.org\/{rel}","templated":true}]}}