{"id":351607,"date":"2016-01-24T20:32:02","date_gmt":"2016-01-25T02:32:02","guid":{"rendered":"http:\/\/futboltotal.com.mx\/?p=351607"},"modified":"2016-01-26T17:44:48","modified_gmt":"2016-01-26T23:44:48","slug":"dorados-va-en-caida-libre-rumbo-al-descenso","status":"publish","type":"post","link":"http:\/\/desarrollo.grupomedios.com\/futbol\/destacado-home\/dorados-va-en-caida-libre-rumbo-al-descenso\/2016\/01","title":{"rendered":"Dorados, en ca\u00edda libre rumbo al descenso"},"content":{"rendered":"<p><strong>Dorados <\/strong>no quiere poner emoci\u00f3n a la batalla por la permanencia en la Primera Divisi\u00f3n del futbol mexicano, luego de seguir sin ganar en el <strong>Clausura 2016 <\/strong>de la<strong> Liga MX<\/strong>\u00a0y mantenerse en el s\u00f3tano de la tabla porcentual.<\/p>\n<p>Ya se disputaron tres fechas del certamen, que definir\u00e1 al pr\u00f3ximo club que pierda la categor\u00eda, y el hecho de que <strong>Dorados<\/strong> no gane todav\u00eda deja sin muchas preocupaciones al resto de los equipos inmiscuidos en el problema.<\/p>\n<p style=\"text-align: center;\"><span style=\"color: #3366ff;\"><strong><a style=\"color: #3366ff;\" href=\"http:\/\/futboltotal.com.mx\/2016\/01\/dorados-destinado-al-descenso\/\">LEER M\u00c1S: Dorados, condenados a descender<\/a><\/strong><\/span><\/p>\n<p>Los <em>Culichis<\/em> \u00a0tendr\u00e1n una dura tarea en las 14 jornadas restantes para poner emoci\u00f3n a esta lucha y as\u00ed tambi\u00e9n tengan que despertar Monarcas Morelia y Chivas de Guadalajara.<\/p>\n<p>Aunque la tarea poco a poco se complica m\u00e1s para la escuadra sinaloense, la buena noticia es que todav\u00eda tiene la salvaci\u00f3n en sus manos.<\/p>\n<p style=\"text-align: center;\"><strong><span style=\"color: #3366ff;\"><a style=\"color: #3366ff;\" href=\"http:\/\/futboltotal.com.mx\/futbol-mexicano\/\">LEER M\u00c1S: Todas las noticias del futbol mexicano<\/a><\/span><\/strong><\/p>\n<p>Despu\u00e9s, la lucha est\u00e1 entre Monarcas y Chivas, que apenas le lleva tres puntos a los michoacanos, mientras un poco m\u00e1s alejado est\u00e1 Puebla, que con su triunfo ante Pumas se distanci\u00f3 a cinco unidades del <em>Reba\u00f1o.\u00a0<\/em><\/p>\n<p>As\u00ed va la Tabla del descenso del Clausura 2016<\/p>\n<p><a href=\"http:\/\/futboltotal.com.mx\/wp-content\/uploads\/2016\/01\/Captura-de-pantalla-2016-01-24-a-las-8.13.23-p.m..png\" rel=\"attachment wp-att-351608\"><img decoding=\"async\" loading=\"lazy\" class=\"alignnone size-full wp-image-351608\" src=\"http:\/\/futboltotal.com.mx\/wp-content\/uploads\/2016\/01\/Captura-de-pantalla-2016-01-24-a-las-8.13.23-p.m..png\" alt=\"Captura de pantalla 2016-01-24 a las 8.13.23 p.m.\" srcset=\"http:\/\/desarrollo.grupomedios.com\/futbol\/wp-content\/uploads\/2016\/01\/Captura-de-pantalla-2016-01-24-a-las-8.13.23-p.m..png 755w, http:\/\/desarrollo.grupomedios.com\/futbol\/wp-content\/uploads\/2016\/01\/Captura-de-pantalla-2016-01-24-a-las-8.13.23-p.m.-300x180.png 300w\" sizes=\"(max-width: 755px) 100vw, 755px\" \/><\/a><\/p>\n<p>&nbsp;<\/p>\n","protected":false},"excerpt":{"rendered":"<p>Los Culichis no han ganado en tras tres jornadas del Clausura 2016<\/p>\n","protected":false},"author":20,"featured_media":351609,"comment_status":"closed","ping_status":"closed","sticky":false,"template":"","format":"standard","meta":[],"categories":[5,3845],"tags":[70,2098,759,5967],"_links":{"self":[{"href":"http:\/\/desarrollo.grupomedios.com\/futbol\/wp-json\/wp\/v2\/posts\/351607"}],"collection":[{"href":"http:\/\/desarrollo.grupomedios.com\/futbol\/wp-json\/wp\/v2\/posts"}],"about":[{"href":"http:\/\/desarrollo.grupomedios.com\/futbol\/wp-json\/wp\/v2\/types\/post"}],"author":[{"embeddable":true,"href":"http:\/\/desarrollo.grupomedios.com\/futbol\/wp-json\/wp\/v2\/users\/20"}],"replies":[{"embeddable":true,"href":"http:\/\/desarrollo.grupomedios.com\/futbol\/wp-json\/wp\/v2\/comments?post=351607"}],"version-history":[{"count":0,"href":"http:\/\/desarrollo.grupomedios.com\/futbol\/wp-json\/wp\/v2\/posts\/351607\/revisions"}],"wp:featuredmedia":[{"embeddable":true,"href":"http:\/\/desarrollo.grupomedios.com\/futbol\/wp-json\/wp\/v2\/media\/351609"}],"wp:attachment":[{"href":"http:\/\/desarrollo.grupomedios.com\/futbol\/wp-json\/wp\/v2\/media?parent=351607"}],"wp:term":[{"taxonomy":"category","embeddable":true,"href":"http:\/\/desarrollo.grupomedios.com\/futbol\/wp-json\/wp\/v2\/categories?post=351607"},{"taxonomy":"post_tag","embeddable":true,"href":"http:\/\/desarrollo.grupomedios.com\/futbol\/wp-json\/wp\/v2\/tags?post=351607"}],"curies":[{"name":"wp","href":"https:\/\/api.w.org\/{rel}","templated":true}]}}