{"id":351699,"date":"2016-01-25T15:02:44","date_gmt":"2016-01-25T21:02:44","guid":{"rendered":"http:\/\/futboltotal.com.mx\/?p=351699"},"modified":"2016-01-25T15:24:29","modified_gmt":"2016-01-25T21:24:29","slug":"ramon-arias-un-heroe-no-tan-improvisado","status":"publish","type":"post","link":"http:\/\/desarrollo.grupomedios.com\/futbol\/destacado-home\/ramon-arias-un-heroe-no-tan-improvisado\/2016\/01","title":{"rendered":"Ram\u00f3n Arias, un h\u00e9roe, no tan improvisado"},"content":{"rendered":"<p>No es extra\u00f1o, pero llega a suceder, que un futbolista del campo tenga que ponerse los guantes de portero en un juego oficial, cuando ya no queda otra opci\u00f3n. En la <strong>Liga MX<\/strong> alguna vez le sucedi\u00f3 al <em>Chelito<\/em> Delgado en un juego entre Cruz Azuly Necaxa, del Clausura 2005; ahora, esa responsabilidad le toc\u00f3 a <strong>Ram\u00f3n Arias<\/strong>, quien se gan\u00f3 el reconocimiento, de ser la figura de la jornada 3.<\/p>\n<p>Minuto 65 del encuentro entre <strong>Pumas<\/strong> y <strong>Puebla<\/strong> en Ciudad Universitaria; el marcador se encuentra 0-1, y lleva as\u00ed desde hace poco m\u00e1s de media hora. Pablo Marini y Guillermo V\u00e1zquez realizan su segundo cambio. Por la escuadra local sale Marcelo Alatorre e ingresa Mathias Vidangossy, mientras que para la causa visitante <strong>Ram\u00f3n Arias<\/strong> toma el lugar de Francisco Torres.<\/p>\n<p>Los <strong>Pumas<\/strong> parecen dominar al reponer a sus laterales por hombres frescos, as\u00ed que se vuelcan en busca de hacer el gol que tanto se les ha negado. Pasan casi 20 minutos, los dos equipos realizan su tercer cambio y la situaci\u00f3n sigue igual,  la <em>Franja<\/em> comienza a hacer tiempo y Christian Campestrini aprovecha un saque de meta en el minuto 83 para matar m\u00e1s minutos.<\/p>\n<p>El \u00e1rbitro, Diego Monta\u00f1o, no tolera la acci\u00f3n, le saca la tarjeta amarilla por su infracci\u00f3n y revisa sus anotaciones para cerciorarse de que el cancerbero ya ten\u00eda un cart\u00f3n preventivo; le muestra entonces el tarjet\u00f3n rojo y los futbolistas poblanos protestan.<\/p>\n<p>Mientras los jugadores de <strong>Puebla<\/strong> interpelan al r\u00e9feri, Pablo Marini manda a llamar a <strong>Ram\u00f3n Arias<\/strong> y le dice que tome los guantes de Campestrini, pues sabe que en los entrenamientos, el zaguero tiene como pasatiempo jugar como guardi\u00e1n. <\/p>\n<p>El defensa <em>charr\u00faa<\/em> accede sin vacilar, toma los guantes mientras Campestrini hace m\u00e1s tiempo para salir del campo. Arias est\u00e1 listo y el \u00e1rbitro reanuda las acciones al 86&#8242;, dos minutos y medio despu\u00e9s sucede lo impensable, Luis Qui\u00f1ones remata con la cabeza en el \u00e1rea y dirige el bal\u00f3n a un lado del poste, donde, con grandes reflejos, el arquero improvisado encuentra el esf\u00e9rico y salva a la <em>Franja<\/em> de ceder dos puntos.<\/p>\n<p>Corre la compensaci\u00f3n, <strong>Pumas<\/strong> insiste pero no le alcanza el tiempo ni las jugadas; Diego Monta\u00f1o silba el final del partido y la <em>Franja<\/em> festeja vanagloriando a <strong>Ram\u00f3n Arias<\/strong>, el cancerbero improvisado que rescat\u00f3 el partido.  <\/p>\n<p>&#8220;Ten\u00eda mucha\u00a0tranquilidad. Dadas las circunstancias me toc\u00f3 calzarme los guantes y no lo dud\u00e9 ni un segundo. Estoy acostumbrado a hacerlo en las pr\u00e1cticas y bueno hab\u00eda que sacar adelante el partido, los compa\u00f1eros estaban haciendo un buen esfuerzo y por suerte nos llevamos el triunfo. Tengo mis guantes, en los entrenamientos me ven los compa\u00f1eros que estoy un rato antes y me patean al arco. En las cascaritas siempre estoy ah\u00ed&#8221;, explic\u00f3 <strong>Ram\u00f3n Arias<\/strong> tras el partido, para reconocer que de improvisado, hab\u00eda muy poco.<\/p>\n<blockquote class=\"twitter-tweet\" lang=\"es\">\n<p lang=\"es\" dir=\"ltr\">Gran triunfo equipo! Vamos <a href=\"https:\/\/twitter.com\/PueblaFC\">@PueblaFC<\/a> gracias a todos por los saludos en especial a mis compa por la confianza! ?1\ufe0f\u20e3 <a href=\"https:\/\/t.co\/LRiqAXNYqC\">pic.twitter.com\/LRiqAXNYqC<\/a><\/p>\n<p>&mdash; Ramon Arias (@Cachila_Arias) <a href=\"https:\/\/twitter.com\/Cachila_Arias\/status\/691423495507456000\">enero 25, 2016<\/a><\/p><\/blockquote>\n<p><script async src=\"\/\/platform.twitter.com\/widgets.js\" charset=\"utf-8\"><\/script><\/p>\n<p><strong>Puebla<\/strong> es apenas el segundo equipo de <strong>Ram\u00f3n Arias<\/strong>, quien milit\u00f3 en el Defensor Sporting de su natal uruguay, de 2010 a 2015. Fue convocado a selecciones menores con el combinado <em>charr\u00faa<\/em>, con quienes jug\u00f3 dos Mundiales Sub-20, uno Sub-17, y los Juegos Ol\u00edmpicos de Londres 2012.<\/p>\n<blockquote class=\"twitter-tweet\" lang=\"es\">\n<p lang=\"und\" dir=\"ltr\">El 1\ufe0f\u20e3? <a href=\"https:\/\/t.co\/fK7W22p4pX\">pic.twitter.com\/fK7W22p4pX<\/a><\/p>\n<p>&mdash; Ramon Arias (@Cachila_Arias) <a href=\"https:\/\/twitter.com\/Cachila_Arias\/status\/690345587762446336\">enero 22, 2016<\/a><\/p><\/blockquote>\n<p><script async src=\"\/\/platform.twitter.com\/widgets.js\" charset=\"utf-8\"><\/script><\/p>\n","protected":false},"excerpt":{"rendered":"<p>El zaguero uruguayo, es la figura de la jornada 3<\/p>\n","protected":false},"author":20,"featured_media":351704,"comment_status":"closed","ping_status":"closed","sticky":false,"template":"","format":"standard","meta":[],"categories":[5,2198,3845],"tags":[6727,64,5969,74],"_links":{"self":[{"href":"http:\/\/desarrollo.grupomedios.com\/futbol\/wp-json\/wp\/v2\/posts\/351699"}],"collection":[{"href":"http:\/\/desarrollo.grupomedios.com\/futbol\/wp-json\/wp\/v2\/posts"}],"about":[{"href":"http:\/\/desarrollo.grupomedios.com\/futbol\/wp-json\/wp\/v2\/types\/post"}],"author":[{"embeddable":true,"href":"http:\/\/desarrollo.grupomedios.com\/futbol\/wp-json\/wp\/v2\/users\/20"}],"replies":[{"embeddable":true,"href":"http:\/\/desarrollo.grupomedios.com\/futbol\/wp-json\/wp\/v2\/comments?post=351699"}],"version-history":[{"count":0,"href":"http:\/\/desarrollo.grupomedios.com\/futbol\/wp-json\/wp\/v2\/posts\/351699\/revisions"}],"wp:featuredmedia":[{"embeddable":true,"href":"http:\/\/desarrollo.grupomedios.com\/futbol\/wp-json\/wp\/v2\/media\/351704"}],"wp:attachment":[{"href":"http:\/\/desarrollo.grupomedios.com\/futbol\/wp-json\/wp\/v2\/media?parent=351699"}],"wp:term":[{"taxonomy":"category","embeddable":true,"href":"http:\/\/desarrollo.grupomedios.com\/futbol\/wp-json\/wp\/v2\/categories?post=351699"},{"taxonomy":"post_tag","embeddable":true,"href":"http:\/\/desarrollo.grupomedios.com\/futbol\/wp-json\/wp\/v2\/tags?post=351699"}],"curies":[{"name":"wp","href":"https:\/\/api.w.org\/{rel}","templated":true}]}}