{"id":351727,"date":"2016-01-25T16:38:16","date_gmt":"2016-01-25T22:38:16","guid":{"rendered":"http:\/\/futboltotal.com.mx\/?p=351727"},"modified":"2016-01-25T17:32:41","modified_gmt":"2016-01-25T23:32:41","slug":"me-querian-hacer-mexicano-salvador-cabanas","status":"publish","type":"post","link":"http:\/\/desarrollo.grupomedios.com\/futbol\/destacado-home\/me-querian-hacer-mexicano-salvador-cabanas\/2016\/01","title":{"rendered":"&#8220;Me quer\u00edan hacer mexicano&#8221;: Salvador Caba\u00f1as"},"content":{"rendered":"<p>En una entrevista de un programa de radio paraguayo, el ex futbolista guaran\u00ed, <strong>Salvador Caba\u00f1as<\/strong>, revel\u00f3 algunos secretos de su trayectoria en la Liga MX; durante este 25 de enero, fecha en la que se cumplen seis a\u00f1os del atentado que sufri\u00f3 en un bar de la ciudad de M\u00e9xico.<\/p>\n<p>Durante la charla, <strong>Salvador Caba\u00f1as<\/strong> declar\u00f3 que hubo un momento en el que le pidieron nacionalizarse para vestir la playera de la Selecci\u00f3n Mexicana; sin embargo el delantero declin\u00f3, puesto que nunca dej\u00f3 de amar los colores de su pa\u00eds, por ello prefer\u00eda representar al combinado paraguayo.<\/p>\n<p style=\"text-align: center;\"><span style=\"color: #3366ff;\"><strong><a style=\"color: #3366ff;\" href=\"http:\/\/futboltotal.com.mx\/2016\/01\/atentados-contra-futbolistas-2\/\" target=\"_blank\">LEER M\u00c1S: Atentados contra futbolistas<\/a><\/strong><\/span><\/p>\n<p>&#8220;Me quer\u00edan hacer mexicano. Un d\u00eda llegu\u00e9 a mi casa, estaba lleno de seguridad y estaba el Presidente. Me dijeron que si no me quer\u00eda nacionalizar para jugar en la Selecci\u00f3n Mexicana. Yo dije que quer\u00eda a mi pa\u00eds y quer\u00eda jugar en la selecci\u00f3n paraguaya&#8221;, explic\u00f3 Salvador Caba\u00f1as para la radiodifusora, Monumental.<\/p>\n<p>En ese contexto, el guaran\u00ed record\u00f3 uno de los momentos que m\u00e1s atesora de su paso por el <a href=\"http:\/\/www.futboltotal.com.mx\/equipos\/america\/\" target=\"_blank\">Am\u00e9rica<\/a>, que fue el uso del n\u00famero 10, el cual le cedieron tan s\u00f3lo seis meses de que el dorsal se mantuvo inactivo, por la ausencia de su antecesor, Cuauht\u00e9moc Blanco, quien se tard\u00f3 m\u00e1s en usar esa cifra en la espalda.<\/p>\n<p>&#8220;Tuve que usar la n\u00famero 9 porque el capit\u00e1n era Cuauht\u00e9moc Blanco, pero despu\u00e9s en seis meses yo hice lo que \u00e9l hizo en seis a\u00f1os&#8221;, sentenci\u00f3 <strong>Salvador Caba\u00f1as<\/strong>.<\/p>\n","protected":false},"excerpt":{"rendered":"<p>El delantero guaran\u00ed habl\u00f3, a seis a\u00f1os del disparo que recibi\u00f3 en la cabeza<\/p>\n","protected":false},"author":20,"featured_media":351735,"comment_status":"closed","ping_status":"closed","sticky":false,"template":"","format":"standard","meta":[],"categories":[5,2198,3845],"tags":[64,951],"_links":{"self":[{"href":"http:\/\/desarrollo.grupomedios.com\/futbol\/wp-json\/wp\/v2\/posts\/351727"}],"collection":[{"href":"http:\/\/desarrollo.grupomedios.com\/futbol\/wp-json\/wp\/v2\/posts"}],"about":[{"href":"http:\/\/desarrollo.grupomedios.com\/futbol\/wp-json\/wp\/v2\/types\/post"}],"author":[{"embeddable":true,"href":"http:\/\/desarrollo.grupomedios.com\/futbol\/wp-json\/wp\/v2\/users\/20"}],"replies":[{"embeddable":true,"href":"http:\/\/desarrollo.grupomedios.com\/futbol\/wp-json\/wp\/v2\/comments?post=351727"}],"version-history":[{"count":0,"href":"http:\/\/desarrollo.grupomedios.com\/futbol\/wp-json\/wp\/v2\/posts\/351727\/revisions"}],"wp:featuredmedia":[{"embeddable":true,"href":"http:\/\/desarrollo.grupomedios.com\/futbol\/wp-json\/wp\/v2\/media\/351735"}],"wp:attachment":[{"href":"http:\/\/desarrollo.grupomedios.com\/futbol\/wp-json\/wp\/v2\/media?parent=351727"}],"wp:term":[{"taxonomy":"category","embeddable":true,"href":"http:\/\/desarrollo.grupomedios.com\/futbol\/wp-json\/wp\/v2\/categories?post=351727"},{"taxonomy":"post_tag","embeddable":true,"href":"http:\/\/desarrollo.grupomedios.com\/futbol\/wp-json\/wp\/v2\/tags?post=351727"}],"curies":[{"name":"wp","href":"https:\/\/api.w.org\/{rel}","templated":true}]}}