{"id":351881,"date":"2016-01-26T16:21:55","date_gmt":"2016-01-26T22:21:55","guid":{"rendered":"http:\/\/futboltotal.com.mx\/?p=351881"},"modified":"2016-01-26T18:11:02","modified_gmt":"2016-01-27T00:11:02","slug":"jesus-corona-el-sueno-mundial","status":"publish","type":"post","link":"http:\/\/desarrollo.grupomedios.com\/futbol\/uncategorized\/jesus-corona-el-sueno-mundial\/2016\/01","title":{"rendered":"Jes\u00fas Corona, el sue\u00f1o Mundial"},"content":{"rendered":"<p><strong>Jos\u00e9 de Jes\u00fas Corona<\/strong> es uno de los mejores porteros mexicanos de, al menos, la \u00faltima d\u00e9cada. A lo largo de casi 13 a\u00f1os de trayectoria en primera divisi\u00f3n, ha dejado muestras de su calidad a nivel local con Atlas, <em>Tecos<\/em> y Cruz Azul, e internacional, como cuando reforz\u00f3 a <em>Chivas<\/em> en la Libertadores de 2005. <a href=\"http:\/\/futboltotal.com.mx\/2016\/01\/las-finales-de-jesus-corona\/\" target=\"_blank\">Aunque a nivel de clubes a\u00fan le falta coronarse en liga<\/a> (tiene en su haber finales con el cuadro de la UAG y con la <em>M\u00e1quina<\/em>), su calidad est\u00e1 fuera de discusi\u00f3n.<\/p>\n<p>Ese mismo nivel le ayud\u00f3 a lograr su primera convocatoria a la Selecci\u00f3n Mexicana en marzo de 2003 -apenas un mes despu\u00e9s de haber hecho su aparici\u00f3n en el m\u00e1ximo circuito-. En aquella ocasi\u00f3n se qued\u00f3 en la banca y tuvo que esperar un par de a\u00f1os para debutar, en un amistoso contra Polonia, el 27 de abril de 2005; a partir de ah\u00ed, <strong><em>Chuy<\/em><\/strong> ha acumulado 39 partidos con la mayor.<\/p>\n<p style=\"text-align: center;\"><strong><span style=\"color: #3366ff;\"><a style=\"color: #3366ff;\" href=\"http:\/\/futboltotal.com.mx\/2016\/01\/resultado-liga-mx-leon-3-2-cruz-azul-clausura-2016\/\" target=\"_blank\">LEER M\u00c1S: Le\u00f3n ruge y evita despertar de Cruz Azul<\/a><\/span><\/strong><\/p>\n<p>Ha formado parte de los tres procesos mundialistas que han tenido lugar desde su primera convocatoria al <em>Tri<\/em>. Sin embargo, por distintos motivos, ese es otro de los pendientes en la trayectoria de <strong>Corona Rodr\u00edguez<\/strong>: extra\u00f1amente para un arquero con sus condiciones, a\u00fan no ha podido jugar un Mundial.<\/p>\n<p>A unos cuantos d\u00edas de que arrancara el Mundial de 2014, una inc\u00f3gnita se convert\u00eda en la pol\u00e9mica principal en torno a la Selecci\u00f3n Mexicana que participar\u00eda en el torneo: la porter\u00eda. Tres opciones ten\u00eda el t\u00e9cnico Miguel Herrera: Alfredo Talavera, Guillermo Ochoa y <strong>Corona<\/strong>. Entre sus adeptos, el meta <em>Cementero<\/em> contaba con figuras reconocidas y con la autoridad necesaria para emitir un juicio, como la <em>Tota<\/em> Carbajal, cinco veces mundialista: \u201cTiene las aptitudes, la humildad, el car\u00e1cter y la voz de mando que son elementales para jugar un Mundial\u201d.<\/p>\n<p><a href=\"http:\/\/futboltotal.com.mx\/wp-content\/uploads\/2016\/01\/las-finales-de-jesus-corona.png\" rel=\"attachment wp-att-351866\"><img decoding=\"async\" loading=\"lazy\" class=\"alignnone size-full wp-image-351866\" src=\"http:\/\/futboltotal.com.mx\/wp-content\/uploads\/2016\/01\/las-finales-de-jesus-corona.png\" alt=\"las-finales-de-jesus-corona\" srcset=\"http:\/\/desarrollo.grupomedios.com\/futbol\/wp-content\/uploads\/2016\/01\/las-finales-de-jesus-corona.png 1100w, http:\/\/desarrollo.grupomedios.com\/futbol\/wp-content\/uploads\/2016\/01\/las-finales-de-jesus-corona-300x151.png 300w, http:\/\/desarrollo.grupomedios.com\/futbol\/wp-content\/uploads\/2016\/01\/las-finales-de-jesus-corona-768x386.png 768w, http:\/\/desarrollo.grupomedios.com\/futbol\/wp-content\/uploads\/2016\/01\/las-finales-de-jesus-corona-1024x515.png 1024w\" sizes=\"(max-width: 1100px) 100vw, 1100px\" \/><\/a><\/p>\n<p>Otra de las figuras que lo respaldaban era alguien a quien el propio <strong><em>Chuy<\/em><\/strong> reconoce como un \u00eddolo, Oswaldo S\u00e1nchez, quien en aquellos d\u00edas declar\u00f3: \u201cPor m\u00e9ritos, <strong>Corona<\/strong> debe ser el portero titular. Ha vivido un proceso importante desde hace tiempo y le ha tocado estar en Mundiales sin ser titular. Me parece que \u00e9l tiene mano.\u201d<\/p>\n<p>Sin embargo, el encargado de tomar la decisi\u00f3n, Miguel Herrera, se inclin\u00f3 por darle esa responsabilidad a Guillermo Ochoa (<a href=\"http:\/\/futboltotal.com.mx\/2015\/11\/chuy-corona-respalda-convocatoria-de-memo-ochoa\/\" target=\"_blank\">quien tras la buena actuaci\u00f3n que brind\u00f3 en Brasil dif\u00edcilmente hubiera sospechado que un a\u00f1o y medio despu\u00e9s agotar\u00eda los d\u00edas en la banca del M\u00e1laga<\/a>). De vuelta en M\u00e9xico, pasada la Copa, <strong>Corona<\/strong> reconoci\u00f3 su decepci\u00f3n: \u201cMe qued\u00e9 con la espinita de no poder jugar una Copa del Mundo, pero no se acaba el mundo. Tuve para jugar, pero la decisi\u00f3n no era m\u00eda. Me quedo tranquilo\u201d.<\/p>\n<p>Aquella no fue la \u00fanica vez en que tuvo que vivir un Mundial desde fuera del campo. La primera fue en 2006, aunque en circunstancias distintas. Entonces, hab\u00eda un due\u00f1o del arco <em>verde<\/em>, como <strong><em>Chuy<\/em><\/strong> ha dicho: \u201cEn ese tiempo, el titular indiscutible era Oswaldo\u201d.<\/p>\n<p style=\"text-align: center;\"><span style=\"color: #3366ff;\"><strong><a style=\"color: #3366ff;\" href=\"http:\/\/futboltotal.com.mx\/2016\/01\/las-finales-de-jesus-corona\/\">LEER M\u00c1S: Las finales de Jes\u00fas Corona<\/a><\/strong><\/span><\/p>\n<p>Cuatro a\u00f1os despu\u00e9s del torneo en Alemania, <strong>Corona<\/strong> vivi\u00f3 su segunda decepci\u00f3n, aunque por motivos mucho m\u00e1s pol\u00e9micos.\u00a0En febrero de 2010, en la recta final del proceso rumbo al Mundial de Sud\u00e1frica, el portero de Cruz Azul fue acusado de golpear a un hombre afuera de un bar en Guadalajara. Aunque al principio lo neg\u00f3, termin\u00f3 admitiendo su culpa y fue excluido de la convocatoria para el Mundial. El seleccionador de entonces, Javier Aguirre, no confirm\u00f3 que la raz\u00f3n fuera la indisciplina de <strong>Jos\u00e9 de Jes\u00fas<\/strong>, pero el incidente manch\u00f3 su historial.<\/p>\n<p>Parad\u00f3jicamente, su ausencia en el m\u00e1ximo escenario no impidi\u00f3 que <strong>Corona<\/strong> tuviera una revancha como <em>Tricolor<\/em> y que jugara un rol principal en la conquista m\u00e1s importante de M\u00e9xico a nivel selecciones. En 2012, fue uno de los tres refuerzos mayores y el capit\u00e1n del equipo que gan\u00f3 la medalla de Oro en los Ol\u00edmpicos de Londres.<\/p>\n<p>Con esa revancha como\u00a0antecedente, <strong><em>Chuy<\/em><\/strong> puede aspirar a\u00fan a cumplir el sue\u00f1o mundialista; la edad no parece un impedimento, sobre todo considerando que aunque para Rusia 2018 tendr\u00e1 37 a\u00f1os, esa es precisamente la edad que ten\u00eda Oscar P\u00e9rez cuando fue el meta titular mexicano en Sud\u00e1frica 2010. Con el <em>Conejo<\/em> como referencia, <strong>Jes\u00fas Corona<\/strong> puede a\u00fan mantener la esperanza de jugar una Copa, ese pendiente que, \u00e9l mismo reconoce, \u201ces un sue\u00f1o no cumplido\u201d.<\/p>\n<p style=\"text-align: center;\"><strong><span style=\"color: #3366ff;\"><a style=\"color: #3366ff;\" href=\"http:\/\/futboltotal.com.mx\/2016\/01\/las-finales-de-jesus-corona\/\">LEER M\u00c1S: Todas las noticias de futbol mexicano<\/a><\/span><\/strong><\/p>\n","protected":false},"excerpt":{"rendered":"<p>Pese a su calidad, el portero de Cruz Azul no ha jugado un Mundial<\/p>\n","protected":false},"author":20,"featured_media":351929,"comment_status":"closed","ping_status":"closed","sticky":false,"template":"","format":"standard","meta":[],"categories":[5,2198,3845,1],"tags":[3320,5962,5443,133,5979],"_links":{"self":[{"href":"http:\/\/desarrollo.grupomedios.com\/futbol\/wp-json\/wp\/v2\/posts\/351881"}],"collection":[{"href":"http:\/\/desarrollo.grupomedios.com\/futbol\/wp-json\/wp\/v2\/posts"}],"about":[{"href":"http:\/\/desarrollo.grupomedios.com\/futbol\/wp-json\/wp\/v2\/types\/post"}],"author":[{"embeddable":true,"href":"http:\/\/desarrollo.grupomedios.com\/futbol\/wp-json\/wp\/v2\/users\/20"}],"replies":[{"embeddable":true,"href":"http:\/\/desarrollo.grupomedios.com\/futbol\/wp-json\/wp\/v2\/comments?post=351881"}],"version-history":[{"count":0,"href":"http:\/\/desarrollo.grupomedios.com\/futbol\/wp-json\/wp\/v2\/posts\/351881\/revisions"}],"wp:featuredmedia":[{"embeddable":true,"href":"http:\/\/desarrollo.grupomedios.com\/futbol\/wp-json\/wp\/v2\/media\/351929"}],"wp:attachment":[{"href":"http:\/\/desarrollo.grupomedios.com\/futbol\/wp-json\/wp\/v2\/media?parent=351881"}],"wp:term":[{"taxonomy":"category","embeddable":true,"href":"http:\/\/desarrollo.grupomedios.com\/futbol\/wp-json\/wp\/v2\/categories?post=351881"},{"taxonomy":"post_tag","embeddable":true,"href":"http:\/\/desarrollo.grupomedios.com\/futbol\/wp-json\/wp\/v2\/tags?post=351881"}],"curies":[{"name":"wp","href":"https:\/\/api.w.org\/{rel}","templated":true}]}}