{"id":352123,"date":"2016-01-27T15:53:51","date_gmt":"2016-01-27T21:53:51","guid":{"rendered":"http:\/\/futboltotal.com.mx\/?p=352123"},"modified":"2016-01-27T16:19:23","modified_gmt":"2016-01-27T22:19:23","slug":"victimas-del-holocausto-en-el-futbol","status":"publish","type":"post","link":"http:\/\/desarrollo.grupomedios.com\/futbol\/futbol-internacional\/victimas-del-holocausto-en-el-futbol\/2016\/01","title":{"rendered":"V\u00edctimas del Holocausto en el futbol"},"content":{"rendered":"<p>Este 27 de enero, se cumplen 71 a\u00f1os de la liberaci\u00f3n de <strong>Auschwitz<\/strong>, uno de los campos de concentraci\u00f3n m\u00e1s temidos de la Alemania Nazi. En aquel lugar, fallecieron muchos futbolistas, algunos de ellos eran figuras mundiales; sin embargo, ese sitio no fue el \u00fanico donde leyendas del balompi\u00e9 perdieron la vida, por causa del <strong>Holocausto<\/strong>.<\/p>\n<p>El <strong>Holocausto<\/strong>, fue uno de los episodios m\u00e1s terribles de la historia de la humanidad, comprendido entre 1938 y 1945, y en el que se llev\u00f3 a cabo la persecusi\u00f3n y matanza, de cerca de seis millones de jud\u00edos, y otros cinco millones de personas, pertenecientes a otras etnias; en donde lamentablemente el futbol, una de las pocas formas de olvidar aquel penoso cap\u00edtulo, tambi\u00e9n fue manchado. <\/p>\n<p>En <strong>Auschwitz<\/strong>, se ejecut\u00f3 a aproximadamente 1.2 millones de personas; y tambi\u00e9n fue el lugar donde fueron asesinados, una terna de talentosos futbolistas, que pasaron de h\u00e9roes del balompi\u00e9, a ser v\u00edctimas del <strong>Holocausto<\/strong>.<\/p>\n<p>El primero de ellos era <strong>Julius Hirsch<\/strong>, alem\u00e1n proveniente de una familia de clase media jud\u00eda, que a los 17 a\u00f1os ya hab\u00eda debutado en el Karlsruher, club con el que destac\u00f3 y al que entreg\u00f3 su alma. Para 1912, particip\u00f3 en los Juegos Ol\u00edmpicos con la selecci\u00f3n de Alemania, donde sobresali\u00f3 por ser un futbolista de gran velocidad, que hac\u00eda temblar a las zagas rivales.<\/p>\n<p><strong>Julius Hirsch<\/strong> abandon\u00f3 el futbol un par de a\u00f1os m\u00e1s tarde para enlistarse con el ej\u00e9rcito alem\u00e1n, junto con su hermano, para combatir en la Primera Guerra Mundial. Julius regres\u00f3 con vida, pero su familiar no; y a su retorno, fue condecorado; sin embargo, jam\u00e1s pens\u00f3 que el Estado Nazi olvidar\u00eda sus servicios al pa\u00eds, pues cuando en sus a\u00f1os de retiro, entrenaba al Karlsrusher, tuvo que dejar al club de sus amores, por la persecusi\u00f3n que se dio en aquel tiempo.<\/p>\n<p>&#8220;El amor que le ten\u00eda a este equipo al que he pertenecido desde 1902 ha desaparecido radicalmente. Quiero que quede claro el da\u00f1o que nos est\u00e1 haciendo la naci\u00f3n alemana a un conjunto de personas decentes que hemos demostrado nuestro cari\u00f1o a este pa\u00eds, incluso dando nuestra sangre por \u00e9l&#8221;, se\u00f1al\u00f3 en una carta Julius Hirsch, cuando huy\u00f3 con su familia. En 1943, fue capturado y enviado a <strong>Auschwitz<\/strong>, donde pereci\u00f3. Su hija Esther, colabor\u00f3 a hacerle honor a su padre, cuando finaliz\u00f3 el Holocausto, y ahora un premio en Alemania, recibe el nombre del ex futbolista.<\/p>\n<p><strong>Arpad Weisz<\/strong>, por su parte, de origen H\u00fangaro, fue una estrella del futbol que brill\u00f3 en Italia con el Alessandria y el Inter de Milan, donde le dio glorias al club; m\u00e1s tarde, dirigi\u00f3 al Bolonia, para hacerlo brillar a nivel internacional, hasta ser destituido por Benito Mussolini en 1938; obligando al jugador a huir del pa\u00eds.<\/p>\n<p>El nacido en Hungr\u00eda huy\u00f3 con su familia a Holanda, donde hizo brillar al Dordrecht, y donde vivi\u00f3 tranquilamente hasta 1940, cuando el ej\u00e9rcito alemn\u00e1n ocup\u00f3 Holanda y aprision\u00f3 a <strong>Arpad Weisz<\/strong> junto con su familia, dos a\u00f1os m\u00e1s tarde. Su esposa e hijos murieron en una c\u00e1mara de gas del campo Cosel, y el futbolista pereci\u00f3 en <strong>Auschwitz<\/strong>, el 31 de enero de 1944.<\/p>\n<p>El \u00faltimo de los futbolistas destacados que muri\u00f3 en <strong>Auschwitz<\/strong>, fue <strong>Eddy Hammel<\/strong>. Nacido en Estados Unidos pero de padres jud\u00edos y de origen holand\u00e9s, pa\u00eds donde habitaron la mayor parte de los semitas, despu\u00e9s de la Primera Guerra Mundial.<\/p>\n<p>A los 20 a\u00f1os, <strong>Eddy Hammel<\/strong> debut\u00f3 con el Ajax, donde destac\u00f3 y jug\u00f3 hasta 1930, cuando decide retirarse. Ya fuera de las canchas, era recurrente ver al nacido en Estados Unidos en los juegos de futbol, aunque fuese para mirar los partidos, o en los juegos de veteranos.<\/p>\n<p>En 1940 comenz\u00f3 a vivir oculto, y as\u00ed permaneci\u00f3 durante 3 a\u00f1os, hasta ser arrestado y trasladado a <strong>Auschwitz<\/strong>, en enero de 1943, tres meses despu\u00e9s muri\u00f3 en la c\u00e1mara de gas del campo de concentraci\u00f3n.<\/p>\n<p>A estos tres jugadores que fallecieron en <strong>Auschwitz<\/strong>, sumamos la historia de quien es quiz\u00e1, el peor enemigo futbolista del r\u00e9gimen Nazi: <strong>Matthias Sindelar<\/strong>, austriaco que se neg\u00f3 a portar la camiseta alemana, y dejarse ganar por el conjunto teut\u00f3n, por simple amor a su patria, y al futbol.<\/p>\n<p>El evento que m\u00e1s se recuerda de irreverencia de <strong>Matthias Sindelar<\/strong> hacia los Nazis, fue un partido entre Austria y Alemania, que fue supuestamente pactado para que el conjunto teut\u00f3n ganara; no obstante, el cuadro austriaco se neg\u00f3 y derrot\u00f3 2-0 a la escuadra, donde Mathias anot\u00f3 y fue a celebrar en la misma cara del ej\u00e9rcito de Hitler.<\/p>\n<p>Un a\u00f1o despu\u00e9s de ese evento, <strong>Matthias Sindelar<\/strong> fue hallado muerto junto con su novia, italiana de origen jud\u00edo, en Viena. La versi\u00f3n oficial se\u00f1ala que fallecieron asfixiados por la calefacci\u00f3n de su cuarto.<\/p>\n","protected":false},"excerpt":{"rendered":"<p>Julius Hirsch y otros hist\u00f3ricos futbolistas, murieron a manos del nazismo<\/p>\n","protected":false},"author":20,"featured_media":352128,"comment_status":"closed","ping_status":"closed","sticky":false,"template":"","format":"standard","meta":[],"categories":[5419,3839,5418],"tags":[5460,3882,265],"_links":{"self":[{"href":"http:\/\/desarrollo.grupomedios.com\/futbol\/wp-json\/wp\/v2\/posts\/352123"}],"collection":[{"href":"http:\/\/desarrollo.grupomedios.com\/futbol\/wp-json\/wp\/v2\/posts"}],"about":[{"href":"http:\/\/desarrollo.grupomedios.com\/futbol\/wp-json\/wp\/v2\/types\/post"}],"author":[{"embeddable":true,"href":"http:\/\/desarrollo.grupomedios.com\/futbol\/wp-json\/wp\/v2\/users\/20"}],"replies":[{"embeddable":true,"href":"http:\/\/desarrollo.grupomedios.com\/futbol\/wp-json\/wp\/v2\/comments?post=352123"}],"version-history":[{"count":0,"href":"http:\/\/desarrollo.grupomedios.com\/futbol\/wp-json\/wp\/v2\/posts\/352123\/revisions"}],"wp:featuredmedia":[{"embeddable":true,"href":"http:\/\/desarrollo.grupomedios.com\/futbol\/wp-json\/wp\/v2\/media\/352128"}],"wp:attachment":[{"href":"http:\/\/desarrollo.grupomedios.com\/futbol\/wp-json\/wp\/v2\/media?parent=352123"}],"wp:term":[{"taxonomy":"category","embeddable":true,"href":"http:\/\/desarrollo.grupomedios.com\/futbol\/wp-json\/wp\/v2\/categories?post=352123"},{"taxonomy":"post_tag","embeddable":true,"href":"http:\/\/desarrollo.grupomedios.com\/futbol\/wp-json\/wp\/v2\/tags?post=352123"}],"curies":[{"name":"wp","href":"https:\/\/api.w.org\/{rel}","templated":true}]}}