{"id":352130,"date":"2016-01-27T16:02:29","date_gmt":"2016-01-27T22:02:29","guid":{"rendered":"http:\/\/futboltotal.com.mx\/?p=352130"},"modified":"2016-01-27T16:02:29","modified_gmt":"2016-01-27T22:02:29","slug":"victimas-del-holocausto-equipos-afectados","status":"publish","type":"post","link":"http:\/\/desarrollo.grupomedios.com\/futbol\/futbol-internacional\/victimas-del-holocausto-equipos-afectados\/2016\/01","title":{"rendered":"V\u00edctimas del Holocausto | Equipos afectados"},"content":{"rendered":"<p>Este 27 de enero, se cumplen 70 a\u00f1os de la liberaci\u00f3n de <strong>Auschwitz<\/strong>, uno de los campos de concentraci\u00f3n m\u00e1s temidos de la Alemania Nazi. En aquel lugar, fallecieron muchos futbolistas, algunos de ellos eran figuras mundiales; sin embargo, ese sitio no fue el \u00fanico donde leyendas del balompi\u00e9 perdieron la vida, por causa del <strong>Holocausto<\/strong>.<\/p>\n<p>El <strong>Holocausto<\/strong>, fue uno de los episodios m\u00e1s terribles de la historia de la humanidad, comprendido entre 1938 y 1945, y donde se llev\u00f3 a cabo la persecusi\u00f3n y matanza, de cerca de seis millones de jud\u00edos, y otros cinco millones de personas, pertenecientes a otras etnias; en donde lamentablemente el futbol, una de las pocas formas de olvidar aquel penoso cap\u00edtulo, tambi\u00e9n fue manchado.<\/p>\n<p>Por eso recordamos a algunos equipos de futbol, que sufrieron por la labor ideol\u00f3gica del ej\u00e9rcito Nazi:<\/p>\n<p><strong>Dynamo de Kiev <\/strong>| El 6 de agosto de 1942, la Fuerza A\u00e9rea Alemana perdi\u00f3 3-5 contra el Dynamo Kiev, por lo que los\u00a0teutones\u00a0pidieron revancha. El segundo partido ser\u00eda pitado por un agente alem\u00e1n, los ucranianos ganaban 2-1, y al medio tiempo, el refer\u00ed fue a advertirlos.<\/p>\n<p>El <strong>Dynamo de Kiev<\/strong> hizo caso omiso a las amenazas e hicieron otros dos goles, al minuto 60, el \u00e1rbitro pit\u00f3 el final del encuentro y llevaron arrestada a toda la escuadra ucraniana a un campo de concentraci\u00f3n, donde fueron fusilados con sus camisetas puestas.<\/p>\n<p>Ese episodio fue llevado a la pantalla grande en cinco pel\u00edculas: Tercer Tiempo, el Partido de la Muerte, K\u00e9t f\u00e9lid\u0151 un pokolban, Escape a la victoria y Evasi\u00f3n o victoria.<\/p>\n<p><strong>El Wonderteam<\/strong> | La selecci\u00f3n de Austria, era una de las m\u00e1s poderosas en la d\u00e9cada de 1930; sin embargo, cuando Alemania se apropio de aquel pa\u00eds, el combinado dirigido por Hugo Meisl tuvo que desaparecer, brevemente de la historia.<\/p>\n<p>El fin del <em>Wonderteam<\/em> llegar\u00eda en 1938, pues representaba el \u00faltimo partido de Austria, quien venci\u00f3 a Alemania por 2-0, pese a que el juego fue pactado para que se diera la victoria teutona, donde su figura, Matthias Sindelar, fue el art\u00edfice principal, de aquella haza\u00f1a.<\/p>\n<p>Tras haberse suprimido la selecci\u00f3n de Austria, los Nazis quisieron hacer que Matthias Sindelar jugar\u00e1 para la selecci\u00f3n de Alemania, pero el se neg\u00f3 y frecuentemente grit\u00f3 a voces su odio a Adolfo Hitler. El delantero falleci\u00f3 en 1939.<\/p>\n<p style=\"text-align: center;\"><span style=\"color: #3366ff;\"><strong><a style=\"color: #3366ff;\" href=\"http:\/\/futboltotal.com.mx\/2016\/01\/victimas-del-holocausto-en-el-futbol\/\" target=\"_blank\">LEER M\u00c1S: 4 futbolistas v\u00edctimas del Holocausto<\/a><\/strong><\/span><\/p>\n<p><strong>El futbol alem\u00e1n<\/strong> | La etapa del Holocausto en Alemania, signific\u00f3 tambi\u00e9n la era m\u00e1s oscura para la Federaci\u00f3n de Futbol de aquel pa\u00eds, pues la administraci\u00f3n fue intervenida por el partido Nazi. Dirigentes y jugadores fueron separados o desaparecidos, m\u00e1s de 300 jugadores murieron, los resultados de los partidos se manejaron y los equipos se alinearon a la l\u00f3gica oficial.<\/p>\n","protected":false},"excerpt":{"rendered":"<p>Un equipo desapareci\u00f3, y otro fue ejecutado.<\/p>\n","protected":false},"author":20,"featured_media":352135,"comment_status":"closed","ping_status":"closed","sticky":false,"template":"","format":"standard","meta":[],"categories":[5419,3839,5418],"tags":[5460,3882,265],"_links":{"self":[{"href":"http:\/\/desarrollo.grupomedios.com\/futbol\/wp-json\/wp\/v2\/posts\/352130"}],"collection":[{"href":"http:\/\/desarrollo.grupomedios.com\/futbol\/wp-json\/wp\/v2\/posts"}],"about":[{"href":"http:\/\/desarrollo.grupomedios.com\/futbol\/wp-json\/wp\/v2\/types\/post"}],"author":[{"embeddable":true,"href":"http:\/\/desarrollo.grupomedios.com\/futbol\/wp-json\/wp\/v2\/users\/20"}],"replies":[{"embeddable":true,"href":"http:\/\/desarrollo.grupomedios.com\/futbol\/wp-json\/wp\/v2\/comments?post=352130"}],"version-history":[{"count":0,"href":"http:\/\/desarrollo.grupomedios.com\/futbol\/wp-json\/wp\/v2\/posts\/352130\/revisions"}],"wp:featuredmedia":[{"embeddable":true,"href":"http:\/\/desarrollo.grupomedios.com\/futbol\/wp-json\/wp\/v2\/media\/352135"}],"wp:attachment":[{"href":"http:\/\/desarrollo.grupomedios.com\/futbol\/wp-json\/wp\/v2\/media?parent=352130"}],"wp:term":[{"taxonomy":"category","embeddable":true,"href":"http:\/\/desarrollo.grupomedios.com\/futbol\/wp-json\/wp\/v2\/categories?post=352130"},{"taxonomy":"post_tag","embeddable":true,"href":"http:\/\/desarrollo.grupomedios.com\/futbol\/wp-json\/wp\/v2\/tags?post=352130"}],"curies":[{"name":"wp","href":"https:\/\/api.w.org\/{rel}","templated":true}]}}