{"id":352234,"date":"2016-01-28T08:00:10","date_gmt":"2016-01-28T14:00:10","guid":{"rendered":"http:\/\/futboltotal.com.mx\/?p=352234"},"modified":"2016-01-28T08:26:47","modified_gmt":"2016-01-28T14:26:47","slug":"gianluigi-buffon-un-grande-de-la-porteria","status":"publish","type":"post","link":"http:\/\/desarrollo.grupomedios.com\/futbol\/futbol-internacional\/gianluigi-buffon-un-grande-de-la-porteria\/2016\/01","title":{"rendered":"Gianluigi Buffon, un grande de la porter\u00eda"},"content":{"rendered":"<p><strong>Gianluigi Buffon<\/strong>\u00a0naci\u00f3\u00a0el 28 de\u00a0enero de 1978.\u00a0Y\u00a0a sus\u00a038\u00a0a\u00f1os de vida, <em>Gigi<\/em>\u00a0puede presumir que\u00a0se ha convertido en una celebridad del futbol italiano y mundial.<\/p>\n<p><strong>Buffon<\/strong> reconoce que empez\u00f3 a jugar como todos los ni\u00f1os: no como portero. \u201cMe gustaba hacer goles. Despu\u00e9s jugu\u00e9 como centrocampista y de l\u00edbero. Me gust\u00f3 mucho para ser honesto\u201d, dijo en alguna ocasi\u00f3n, aunque su destino fue la porter\u00eda, en la que ha dejado im\u00e1genes imborrables. Aqu\u00ed algunas de ellas:<\/p>\n<p><strong><span style=\"color: #ff0000;\">S\u00faper Luigi<\/span><\/strong> | El 8 de marzo de 1998 ataj\u00f3 un penal a Ronaldo, delantero del Inter de Mil\u00e1n y en ese momento\u00a0Bal\u00f3n de Oro de la FIFA. En su festejo, <strong>Gianluigi\u00a0<\/strong><strong>Buffon<\/strong> se quit\u00f3 su sudadera y mostr\u00f3 una playera con la insignia de <em>Superm\u00e1n<\/em>. \u201cEsa playera me la hab\u00eda regalado una aficionada d\u00edas antes del partido. Entonces la mostr\u00e9 y para todos los aficionados ya era Superm\u00e1n\u201d, dijo en alguna ocasi\u00f3n. Gracias a esa atajada, Parma gan\u00f3 1-0.<\/p>\n<p><a href=\"http:\/\/futboltotal.com.mx\/wp-content\/uploads\/2015\/11\/superman_buffon_20_anos.jpg\"><img decoding=\"async\" loading=\"lazy\" class=\"aligncenter size-full wp-image-335406\" src=\"http:\/\/futboltotal.com.mx\/wp-content\/uploads\/2015\/11\/superman_buffon_20_anos.jpg\" alt=\"superman_buffon_20_anos\" srcset=\"http:\/\/desarrollo.grupomedios.com\/futbol\/wp-content\/uploads\/2015\/11\/superman_buffon_20_anos.jpg 800w, http:\/\/desarrollo.grupomedios.com\/futbol\/wp-content\/uploads\/2015\/11\/superman_buffon_20_anos-300x113.jpg 300w\" sizes=\"(max-width: 800px) 100vw, 800px\" \/><\/a><\/p>\n<p><span style=\"color: #ff0000;\"><strong>Elimina al campe\u00f3n<\/strong><\/span> | En la vuelta de la Semifinal de la Champions League 2002-03, <strong>Gianluigi\u00a0<\/strong><strong>Buffon\u00a0<\/strong>le ataj\u00f3 un penal a Luis Figo del Real Madrid, que a la postre hubiera significado el empate global. Al final, Juventus gan\u00f3 la serie 4-3, elimin\u00f3 al campe\u00f3n reinante y se proyect\u00f3 a la final del torneo europeo.<\/p>\n<p><span style=\"color: #ff0000;\"><strong>Campe\u00f3n del Mundo<\/strong><\/span> | El 9 de julio de 2006 se coron\u00f3 con la Selecci\u00f3n de Italia,\u00a0en Alemania. <strong>Buffon<\/strong> solo recibi\u00f3 dos goles en el torneo: un autogol de Cristian Zaccardo, en el empate 1-1 ante Estados Unidos,\u00a0en la Fase de Grupos,\u00a0y uno de penal anotado por Zinedine Zidane, el astro de de Francia, en la Final. Eso lo hizo acreedor al premio Lev Yashin como mejor portero del Mundial.<\/p>\n<p><a href=\"http:\/\/futboltotal.com.mx\/wp-content\/uploads\/2015\/11\/Gianluigi_Buffon_campeon_alemania.jpg\"><img decoding=\"async\" loading=\"lazy\" class=\"aligncenter size-full wp-image-335407\" src=\"http:\/\/futboltotal.com.mx\/wp-content\/uploads\/2015\/11\/Gianluigi_Buffon_campeon_alemania.jpg\" alt=\"Gianluigi_Buffon_campeon_alemania\" srcset=\"http:\/\/desarrollo.grupomedios.com\/futbol\/wp-content\/uploads\/2015\/11\/Gianluigi_Buffon_campeon_alemania.jpg 800w, http:\/\/desarrollo.grupomedios.com\/futbol\/wp-content\/uploads\/2015\/11\/Gianluigi_Buffon_campeon_alemania-300x113.jpg 300w\" sizes=\"(max-width: 800px) 100vw, 800px\" \/><\/a><\/p>\n<p><span style=\"color: #ff0000;\"><strong>Con la azurra<\/strong><\/span> | El 11 de octubre de 2013, en el empate 2-2 contra Dinamarca, en la eliminatoria al Mundial de 2014, <strong>Gianluigi\u00a0<\/strong><strong>Buffon<\/strong> se convirti\u00f3 en el jugador con m\u00e1s apariciones con la selecci\u00f3n italiana al superar el registro de 136 impuesto por Fabio Cannavaro. Hasta el momento <em>Gigi<\/em> ha defendido a Italia en 154 juegos, en los que ha ganado 74, empatado 50 y perdido 30.<\/p>\n<p><span style=\"color: #ff0000;\"><strong>Cinco copas<\/strong><\/span> | El 14 de junio de 2014, en el triunfo de 2-1 sobre Inglaterra, <strong>Gianluigi\u00a0<\/strong><strong>Buffon<\/strong> se convirti\u00f3 en el tercer jugador en jugar cinco Mundiales (1998, 2002, 2006, 2010 y 2014). \u201cDisputar una quinta Copa Mundial es un bonito hito, pero eso no me satisface mucho\u201d, declar\u00f3 el portero italiano, quien igual\u00f3 al mexicano Antonio Carbajal y al alem\u00e1n Lothar Matth\u00e4us.<\/p>\n<p><a href=\"http:\/\/futboltotal.com.mx\/wp-content\/uploads\/2015\/11\/Buffon_Brasil_2014.jpg\"><img decoding=\"async\" loading=\"lazy\" class=\"aligncenter size-full wp-image-335411\" src=\"http:\/\/futboltotal.com.mx\/wp-content\/uploads\/2015\/11\/Buffon_Brasil_2014.jpg\" alt=\"Buffon_Brasil_2014\" srcset=\"http:\/\/desarrollo.grupomedios.com\/futbol\/wp-content\/uploads\/2015\/11\/Buffon_Brasil_2014.jpg 800w, http:\/\/desarrollo.grupomedios.com\/futbol\/wp-content\/uploads\/2015\/11\/Buffon_Brasil_2014-300x113.jpg 300w\" sizes=\"(max-width: 800px) 100vw, 800px\" \/><\/a><\/p>\n","protected":false},"excerpt":{"rendered":"<p>El hist\u00f3rico cancerbero italiano cumple 38 a\u00f1os<\/p>\n","protected":false},"author":127,"featured_media":352285,"comment_status":"closed","ping_status":"closed","sticky":false,"template":"","format":"standard","meta":[],"categories":[3839,3848,5951],"tags":[6027],"_links":{"self":[{"href":"http:\/\/desarrollo.grupomedios.com\/futbol\/wp-json\/wp\/v2\/posts\/352234"}],"collection":[{"href":"http:\/\/desarrollo.grupomedios.com\/futbol\/wp-json\/wp\/v2\/posts"}],"about":[{"href":"http:\/\/desarrollo.grupomedios.com\/futbol\/wp-json\/wp\/v2\/types\/post"}],"author":[{"embeddable":true,"href":"http:\/\/desarrollo.grupomedios.com\/futbol\/wp-json\/wp\/v2\/users\/127"}],"replies":[{"embeddable":true,"href":"http:\/\/desarrollo.grupomedios.com\/futbol\/wp-json\/wp\/v2\/comments?post=352234"}],"version-history":[{"count":0,"href":"http:\/\/desarrollo.grupomedios.com\/futbol\/wp-json\/wp\/v2\/posts\/352234\/revisions"}],"wp:featuredmedia":[{"embeddable":true,"href":"http:\/\/desarrollo.grupomedios.com\/futbol\/wp-json\/wp\/v2\/media\/352285"}],"wp:attachment":[{"href":"http:\/\/desarrollo.grupomedios.com\/futbol\/wp-json\/wp\/v2\/media?parent=352234"}],"wp:term":[{"taxonomy":"category","embeddable":true,"href":"http:\/\/desarrollo.grupomedios.com\/futbol\/wp-json\/wp\/v2\/categories?post=352234"},{"taxonomy":"post_tag","embeddable":true,"href":"http:\/\/desarrollo.grupomedios.com\/futbol\/wp-json\/wp\/v2\/tags?post=352234"}],"curies":[{"name":"wp","href":"https:\/\/api.w.org\/{rel}","templated":true}]}}