{"id":352240,"date":"2016-01-27T21:00:47","date_gmt":"2016-01-28T03:00:47","guid":{"rendered":"http:\/\/futboltotal.com.mx\/?p=352240"},"modified":"2016-01-28T03:40:04","modified_gmt":"2016-01-28T09:40:04","slug":"chivas-se-venga-de-los-bravos-en-copa-mx","status":"publish","type":"post","link":"http:\/\/desarrollo.grupomedios.com\/futbol\/destacado-home\/chivas-se-venga-de-los-bravos-en-copa-mx\/2016\/01","title":{"rendered":"Chivas se venga de los Bravos en Copa MX"},"content":{"rendered":"<p>En la jornada 2 de la <a href=\"http:\/\/www.futboltotal.com.mx\/futbol-mexicano\/copa-mx\/\" target=\"_blank\"><strong>Copa MX<\/strong><\/a>, <a href=\"http:\/\/www.futboltotal.com.mx\/equipos\/guadalajara\/\" target=\"_blank\"><strong>Chivas<\/strong><\/a> recibi\u00f3 a <strong>FC Ju\u00e1rez<\/strong> en el Omnilife, en busca de vengarse del golpe que le propin\u00f3 el conjunto de <em>Bravos<\/em>, en la fecha anterior de la justa. La misi\u00f3n parec\u00eda concretarse de inmediato, pues en el primer minuto del encuentro, Michel V\u00e1zquez abri\u00f3 el marcador.<\/p>\n<p>Despu\u00e9s del tanto de vestidor, con el que <strong>Chivas<\/strong> se adelant\u00f3 en el marcador desde el minuto 1, el encuentro se torno muy r\u00edspido, y sobresal\u00eda m\u00e1s la lucha por el bal\u00f3n, que la generaci\u00f3n de jugadas de gol en cada porter\u00eda. Salvo un par de jugadas de F\u00e9lix Micolta, el primer tiempo se caracteriz\u00f3 por pocas jugadas de gol.<\/p>\n<p>Para el complemento, <strong>Chivas<\/strong> orden\u00f3 sus filas y se vio mejor, pues recuperaba el bal\u00f3n con facilidad y su vol\u00famen de juego luc\u00eda mejor en el ataque; sin embargo, no lograban concretar las jugadas de gol que le permitieran asegurar el resultado.<\/p>\n<p>Con este resultado, <strong>Chivas<\/strong> se coloca, junto con <strong>FC Ju\u00e1rez<\/strong>, en el segundo lugar del grupo 1 de la Copa MX, con 3 puntos; el sector es liderado por Leones Negros, quien acumula siete puntos. La UdeG tiene un punto extra por ganar la Llave 1, mientras que Guadalajara y los <em>Bravos<\/em>, se quedan con sus unidades debido a que quedaron parejos en su serie.<\/p>\n<p><strong>Alineaciones:<\/strong><\/p>\n<p><strong>Chivas:<\/strong> Rodolfo Cota; Carlos Villanueva, Hedgardo Mar\u00edn, Miguel Ponce, Jes\u00fas S\u00e1nchez (Ra\u00fal L\u00f3pez, 70&#8242;); Carlos Salcido, Michael P\u00e9rez, David Ram\u00edrez (Carlos Cisneros, 81&#8242;), Giovani Hern\u00e1ndez (Israel Castro, 72&#8242;); \u00c1ngel Zald\u00edvar, Michel V\u00e1zquez. DT. Mat\u00edas Almeyda.<\/p>\n<p><strong>FC Ju\u00e1rez:<\/strong> Yair Urbina, Miguel Morales, Leo Siqueiros, David Stringel, David Pineda; Daniel Tehuitzil, Adolfo Dom\u00ednguez, Alonso Hern\u00e1ndez (Pablo Metlich, 78&#8242;), Sidnei Sciola (Edgar Borelli, 63&#8242;); F\u00e9lix Micolta, Leandro Carrijo (Edgar Mej\u00eda, 67&#8242;). DT. Sergio Ordu\u00f1a.<\/p>\n<p style=\"text-align: center;\"><span style=\"color: #3366ff;\"><strong><a style=\"color: #3366ff;\" href=\"http:\/\/futboltotal.com.mx\/2016\/01\/en-vivo-chivas-vs-juarez-copa-mx\/\" target=\"_blank\">LEER M\u00c1S: AS\u00cd SE VIVI\u00d3 | Chivas 1-0 FC Ju\u00e1rez<\/a><\/strong><\/span><\/p>\n<p><iframe loading=\"lazy\" src=\"https:\/\/www.youtube.com\/embed\/NvFD2B4m-Ls\" frameborder=\"0\" allowfullscreen=\"allowfullscreen\"><\/iframe><\/p>\n","protected":false},"excerpt":{"rendered":"<p>Con solitario gol de Michel V\u00e1zquez, el Reba\u00f1o obtuvo sus primeros puntos<\/p>\n","protected":false},"author":20,"featured_media":352246,"comment_status":"closed","ping_status":"closed","sticky":false,"template":"","format":"standard","meta":[],"categories":[4247,5,2198],"tags":[70,285,6558],"_links":{"self":[{"href":"http:\/\/desarrollo.grupomedios.com\/futbol\/wp-json\/wp\/v2\/posts\/352240"}],"collection":[{"href":"http:\/\/desarrollo.grupomedios.com\/futbol\/wp-json\/wp\/v2\/posts"}],"about":[{"href":"http:\/\/desarrollo.grupomedios.com\/futbol\/wp-json\/wp\/v2\/types\/post"}],"author":[{"embeddable":true,"href":"http:\/\/desarrollo.grupomedios.com\/futbol\/wp-json\/wp\/v2\/users\/20"}],"replies":[{"embeddable":true,"href":"http:\/\/desarrollo.grupomedios.com\/futbol\/wp-json\/wp\/v2\/comments?post=352240"}],"version-history":[{"count":0,"href":"http:\/\/desarrollo.grupomedios.com\/futbol\/wp-json\/wp\/v2\/posts\/352240\/revisions"}],"wp:featuredmedia":[{"embeddable":true,"href":"http:\/\/desarrollo.grupomedios.com\/futbol\/wp-json\/wp\/v2\/media\/352246"}],"wp:attachment":[{"href":"http:\/\/desarrollo.grupomedios.com\/futbol\/wp-json\/wp\/v2\/media?parent=352240"}],"wp:term":[{"taxonomy":"category","embeddable":true,"href":"http:\/\/desarrollo.grupomedios.com\/futbol\/wp-json\/wp\/v2\/categories?post=352240"},{"taxonomy":"post_tag","embeddable":true,"href":"http:\/\/desarrollo.grupomedios.com\/futbol\/wp-json\/wp\/v2\/tags?post=352240"}],"curies":[{"name":"wp","href":"https:\/\/api.w.org\/{rel}","templated":true}]}}