{"id":352421,"date":"2016-01-28T18:06:13","date_gmt":"2016-01-29T00:06:13","guid":{"rendered":"http:\/\/futboltotal.com.mx\/?p=352421"},"modified":"2016-01-28T18:06:13","modified_gmt":"2016-01-29T00:06:13","slug":"antonio-pizzi-opcion-para-la-seleccion-de-chile","status":"publish","type":"post","link":"http:\/\/desarrollo.grupomedios.com\/futbol\/futbol-mexicano\/antonio-pizzi-opcion-para-la-seleccion-de-chile\/2016\/01","title":{"rendered":"Antonio Pizzi, opci\u00f3n para la Selecci\u00f3n de Chile"},"content":{"rendered":"<p>Luego que Jorge Sampaoli dejara a la <strong>Selecci\u00f3n de Chile<\/strong>, el representativo busca quien ocupe la direcci\u00f3n t\u00e9cnica, por eso la Federaci\u00f3n de aquel pa\u00eds, volte\u00f3 a la Liga MX donde tiene en la mira a Miguel Herrera y tambi\u00e9n al estratega del <strong><a href=\"http:\/\/futboltotal.com.mx\/equipos\/leon\/\" target=\"_blank\">Le\u00f3n<\/a><\/strong>, <strong>Juan Antonio Pizzi<\/strong>.<\/p>\n<p>De acuerdo con<em> AS Chile<\/em>, el timonel de la <em>Fiera<\/em> encabeza la lista de candidatos para tomar las riendas de la <em>Roja<\/em>, a tal grado que incluso ya habr\u00eda un contacto, el cual ir\u00eda por buen camino.<\/p>\n<p style=\"text-align: center;\"><span style=\"color: #3366ff;\"><strong><a style=\"color: #3366ff;\" href=\"http:\/\/futboltotal.com.mx\/2016\/01\/piojo-herrera-proximo-dt-de-chile\/\" target=\"_blank\">LEER M\u00c1S: Miguel Herrera, \u00bfpr\u00f3ximo DT de Chile?<\/a><\/strong><\/span><\/p>\n<p>En la terna aparece el <em>Piojo<\/em> Herrera, Marcelo Gallardo, as\u00ed como Mart\u00edn Lasarte; este \u00faltimo incluso ya confes\u00f3 que aceptar\u00eda un interinato.<\/p>\n<p>La selecci\u00f3n chilena busca entrenador desde el 19 de enero pasado, cuando Jorge Sampaoli logr\u00f3 un acuerdo econ\u00f3mico con la ANFP y puso fin a su estad\u00eda como jefe t\u00e9cnico.<\/p>\n<p><span style=\"color: #ff0000;\"><strong>VIDEO<\/strong>: Los 5 mejores goles de la jornada 3<\/span><\/p>\n<p>[video_player]https:\/\/player.vimeo.com\/external\/152984661.hd.mp4?s=cba5a98759a988cf1b624063fe568db315fc4726&amp;profile_id=113[\/video_player]<\/p>\n","protected":false},"excerpt":{"rendered":"<p>El t\u00e9cnico podr\u00eda dejar al Le\u00f3n <\/p>\n","protected":false},"author":20,"featured_media":352422,"comment_status":"closed","ping_status":"closed","sticky":false,"template":"","format":"standard","meta":[],"categories":[3839,2198,3845,5950],"tags":[5965,1669],"_links":{"self":[{"href":"http:\/\/desarrollo.grupomedios.com\/futbol\/wp-json\/wp\/v2\/posts\/352421"}],"collection":[{"href":"http:\/\/desarrollo.grupomedios.com\/futbol\/wp-json\/wp\/v2\/posts"}],"about":[{"href":"http:\/\/desarrollo.grupomedios.com\/futbol\/wp-json\/wp\/v2\/types\/post"}],"author":[{"embeddable":true,"href":"http:\/\/desarrollo.grupomedios.com\/futbol\/wp-json\/wp\/v2\/users\/20"}],"replies":[{"embeddable":true,"href":"http:\/\/desarrollo.grupomedios.com\/futbol\/wp-json\/wp\/v2\/comments?post=352421"}],"version-history":[{"count":0,"href":"http:\/\/desarrollo.grupomedios.com\/futbol\/wp-json\/wp\/v2\/posts\/352421\/revisions"}],"wp:featuredmedia":[{"embeddable":true,"href":"http:\/\/desarrollo.grupomedios.com\/futbol\/wp-json\/wp\/v2\/media\/352422"}],"wp:attachment":[{"href":"http:\/\/desarrollo.grupomedios.com\/futbol\/wp-json\/wp\/v2\/media?parent=352421"}],"wp:term":[{"taxonomy":"category","embeddable":true,"href":"http:\/\/desarrollo.grupomedios.com\/futbol\/wp-json\/wp\/v2\/categories?post=352421"},{"taxonomy":"post_tag","embeddable":true,"href":"http:\/\/desarrollo.grupomedios.com\/futbol\/wp-json\/wp\/v2\/tags?post=352421"}],"curies":[{"name":"wp","href":"https:\/\/api.w.org\/{rel}","templated":true}]}}