{"id":352529,"date":"2016-01-29T10:57:25","date_gmt":"2016-01-29T16:57:25","guid":{"rendered":"http:\/\/futboltotal.com.mx\/?p=352529"},"modified":"2016-01-29T11:55:10","modified_gmt":"2016-01-29T17:55:10","slug":"marco-fabian-se-mete-en-problemas","status":"publish","type":"post","link":"http:\/\/desarrollo.grupomedios.com\/futbol\/videos\/marco-fabian-se-mete-en-problemas\/2016\/01","title":{"rendered":"Marco Fabi\u00e1n tiene problemas en Alemania"},"content":{"rendered":"<p><iframe loading=\"lazy\" src=\"https:\/\/www.youtube.com\/embed\/qxdTXTpjf-E\" frameborder=\"0\" allowfullscreen=\"allowfullscreen\"><\/iframe><\/p>\n<p>El <strong>Eintracht Frankfurt<\/strong> puso en aprietos al mediocampista <strong>Marco Fabi\u00e1n<\/strong>. Y es que el club lo puso como protagonista de un c\u00f3mico video en el que el mexicano fracasa en el intent\u00f3 como cajero de un supermercado. Menos mal que Fabi\u00e1n se dedic\u00f3 a ser futbolista \u00bfno creen?<\/p>\n","protected":false},"excerpt":{"rendered":"<p>El Eintracht Frankfurt puso una extra\u00f1a prueba al mediocampista mexicano<\/p>\n","protected":false},"author":20,"featured_media":352530,"comment_status":"closed","ping_status":"closed","sticky":false,"template":"","format":"standard","meta":[],"categories":[3839,6718,4],"tags":[3588,131],"_links":{"self":[{"href":"http:\/\/desarrollo.grupomedios.com\/futbol\/wp-json\/wp\/v2\/posts\/352529"}],"collection":[{"href":"http:\/\/desarrollo.grupomedios.com\/futbol\/wp-json\/wp\/v2\/posts"}],"about":[{"href":"http:\/\/desarrollo.grupomedios.com\/futbol\/wp-json\/wp\/v2\/types\/post"}],"author":[{"embeddable":true,"href":"http:\/\/desarrollo.grupomedios.com\/futbol\/wp-json\/wp\/v2\/users\/20"}],"replies":[{"embeddable":true,"href":"http:\/\/desarrollo.grupomedios.com\/futbol\/wp-json\/wp\/v2\/comments?post=352529"}],"version-history":[{"count":0,"href":"http:\/\/desarrollo.grupomedios.com\/futbol\/wp-json\/wp\/v2\/posts\/352529\/revisions"}],"wp:featuredmedia":[{"embeddable":true,"href":"http:\/\/desarrollo.grupomedios.com\/futbol\/wp-json\/wp\/v2\/media\/352530"}],"wp:attachment":[{"href":"http:\/\/desarrollo.grupomedios.com\/futbol\/wp-json\/wp\/v2\/media?parent=352529"}],"wp:term":[{"taxonomy":"category","embeddable":true,"href":"http:\/\/desarrollo.grupomedios.com\/futbol\/wp-json\/wp\/v2\/categories?post=352529"},{"taxonomy":"post_tag","embeddable":true,"href":"http:\/\/desarrollo.grupomedios.com\/futbol\/wp-json\/wp\/v2\/tags?post=352529"}],"curies":[{"name":"wp","href":"https:\/\/api.w.org\/{rel}","templated":true}]}}