{"id":352675,"date":"2016-01-29T18:11:15","date_gmt":"2016-01-30T00:11:15","guid":{"rendered":"http:\/\/futboltotal.com.mx\/?p=352675"},"modified":"2016-01-29T18:11:15","modified_gmt":"2016-01-30T00:11:15","slug":"no-hay-ultimatum-para-ambriz-ricardo-pelaez","status":"publish","type":"post","link":"http:\/\/desarrollo.grupomedios.com\/futbol\/futbol-mexicano\/no-hay-ultimatum-para-ambriz-ricardo-pelaez\/2016\/01","title":{"rendered":"No hay ultim\u00e1tum para Ambriz: Ricardo Pel\u00e1ez"},"content":{"rendered":"<p>El presidente deportivo del <a href=\"http:\/\/futboltotal.com.mx\/equipos\/america\/\" target=\"_blank\"><strong>Am\u00e9rica<\/strong><\/a>, <strong>Ricardo Pel\u00e1ez<\/strong>, desminti\u00f3 los rumores sobre el ultim\u00e1tum de la directiva del club hacia <strong>Ignacio Ambriz<\/strong>, por los malos resultados de las \u00c1guilas en el arranque del Clausura 2016, pues afirma que el estratega tine el respaldo institucional.<\/p>\n<p>&#8220;No se ratifica nada porque <em>Nacho<\/em> Ambriz nunca ha estado en duda&#8221;, se\u00f1al\u00f3 <strong>Ricardo Pel\u00e1ez<\/strong> a la prensa. Ganando se quitan presi\u00f3n, cuando ganas se trabaja con m\u00e1s tranquilidad, el cuerpo t\u00e9cnico est\u00e1 firme y los jugadores lo avalan con su esfuerzo partido a partido&#8221;, se\u00f1al\u00f3 <strong>Ricardo Pel\u00e1ez<\/strong> a la prensa.<\/p>\n<p>Por su parte, <strong>Ignacio Ambriz<\/strong>, se dice tranquilo por el rendimiento del<strong> Am\u00e9rica<\/strong>, pues sabe que apenas es el arranque del torneo, y por ello, ya est\u00e1n listos para encarar su siguiente duelo, en donde podr\u00edan sumergir a\u00fan m\u00e1s a Dorados, en la tabla porcentual.<\/p>\n<p>&#8220;Estoy tranquilo, pienso y me gusta hablar de futbol e iremos contra Dorados a hacer un buen juego&#8221;, se\u00f1al\u00f3 el estratega del<strong> Am\u00e9rica<\/strong>, quien buscar\u00e1 la victoria en el Banorte, este s\u00e1bado 30 de enero, cuando visiten al <em>Gran Pez<\/em>, a las 21:00 horas, en el cierre de la actividad sabatina, de la jornada 4 del Clausura 2016.<\/p>\n","protected":false},"excerpt":{"rendered":"<p>El presidente deportivo se\u00f1ala que Nacho no est\u00e1 a prueba<\/p>\n","protected":false},"author":20,"featured_media":352679,"comment_status":"closed","ping_status":"closed","sticky":false,"template":"","format":"standard","meta":[],"categories":[2198,3845,5950],"tags":[5959,511,349],"_links":{"self":[{"href":"http:\/\/desarrollo.grupomedios.com\/futbol\/wp-json\/wp\/v2\/posts\/352675"}],"collection":[{"href":"http:\/\/desarrollo.grupomedios.com\/futbol\/wp-json\/wp\/v2\/posts"}],"about":[{"href":"http:\/\/desarrollo.grupomedios.com\/futbol\/wp-json\/wp\/v2\/types\/post"}],"author":[{"embeddable":true,"href":"http:\/\/desarrollo.grupomedios.com\/futbol\/wp-json\/wp\/v2\/users\/20"}],"replies":[{"embeddable":true,"href":"http:\/\/desarrollo.grupomedios.com\/futbol\/wp-json\/wp\/v2\/comments?post=352675"}],"version-history":[{"count":0,"href":"http:\/\/desarrollo.grupomedios.com\/futbol\/wp-json\/wp\/v2\/posts\/352675\/revisions"}],"wp:featuredmedia":[{"embeddable":true,"href":"http:\/\/desarrollo.grupomedios.com\/futbol\/wp-json\/wp\/v2\/media\/352679"}],"wp:attachment":[{"href":"http:\/\/desarrollo.grupomedios.com\/futbol\/wp-json\/wp\/v2\/media?parent=352675"}],"wp:term":[{"taxonomy":"category","embeddable":true,"href":"http:\/\/desarrollo.grupomedios.com\/futbol\/wp-json\/wp\/v2\/categories?post=352675"},{"taxonomy":"post_tag","embeddable":true,"href":"http:\/\/desarrollo.grupomedios.com\/futbol\/wp-json\/wp\/v2\/tags?post=352675"}],"curies":[{"name":"wp","href":"https:\/\/api.w.org\/{rel}","templated":true}]}}