{"id":352973,"date":"2016-01-30T16:10:20","date_gmt":"2016-01-30T22:10:20","guid":{"rendered":"http:\/\/futboltotal.com.mx\/?p=352973"},"modified":"2016-01-30T19:43:38","modified_gmt":"2016-01-31T01:43:38","slug":"el-shaarawy-debuta-en-la-roma-con-golazo-de-tacon","status":"publish","type":"post","link":"http:\/\/desarrollo.grupomedios.com\/futbol\/videos\/el-shaarawy-debuta-en-la-roma-con-golazo-de-tacon\/2016\/01","title":{"rendered":"Regres\u00f3 El Shaarawy a Italia y debut\u00f3 con golazo"},"content":{"rendered":"<p><strong>Stephan El Shaarawy<\/strong> regres\u00f3 echando fuego a la Serie A. Hace tan solo 5 d\u00edas lleg\u00f3 a un acuerdo con la Roma como cedido tras romper su acuerdo de pr\u00e9stamo\u00a0hasta final de temporada con el M\u00f3naco por no contar con los minutos esperado en el cuadro monegasco\u00a0y este s\u00e1bado demostr\u00f3 sus habilidades, esas que son intermintentes pero que no dejan de ilusionar a los amantes del futbol.<\/p>\n<p>El futbolista debut\u00f3 con la Roma contra el Frosinone delante de su nueva afici\u00f3n y anot\u00f3 el tanto del 2-1 del conjunto <em>giallorosso<\/em> con un excepcional gesto t\u00e9cnico, un golazo de tac\u00f3n soberbio de\u00a0<strong>El Shaarawy <\/strong>que no solo fue bello, tambi\u00e9n efectivo.<\/p>\n<blockquote class=\"twitter-tweet\" lang=\"es\">\n<p dir=\"ltr\" lang=\"es\">EL GOLAZO DE EL SHAARAWY! Tras asistencia de Zukanovic. Protagonistas en el segundo gol los nuevos fichajes: <a href=\"https:\/\/t.co\/j5SDN4Uuw7\">pic.twitter.com\/j5SDN4Uuw7<\/a><\/p>\n<p>\u2014 AS ROMA (@NoticiASRoma) <a href=\"https:\/\/twitter.com\/NoticiASRoma\/status\/693537761375195136\">enero 30, 2016<\/a><\/p><\/blockquote>\n<p><script src=\"\/\/platform.twitter.com\/widgets.js\" async=\"\" charset=\"utf-8\"><\/script><\/p>\n<p><strong><span style=\"color: #3366ff;\"><a style=\"color: #3366ff;\" href=\"http:\/\/futboltotal.com.mx\/2016\/01\/10-grandes-porteros-de-los-ultimos-30-anos\/\">LEER M\u00c1S: 10 grandes porteros de los \u00faltimos a\u00f1os.\u00a0<\/a><\/span><\/strong><\/p>\n<p><script src=\"https:\/\/platform.vine.co\/static\/scripts\/embed.js\"><\/script><\/p>\n","protected":false},"excerpt":{"rendered":"<p>El italiano dej\u00f3 la Ligue 1 y ahora usa la el\u00e1stica del conjunto giallorosso<\/p>\n","protected":false},"author":20,"featured_media":352974,"comment_status":"closed","ping_status":"closed","sticky":false,"template":"","format":"standard","meta":[],"categories":[3839,3848,4],"tags":[5958,6034],"_links":{"self":[{"href":"http:\/\/desarrollo.grupomedios.com\/futbol\/wp-json\/wp\/v2\/posts\/352973"}],"collection":[{"href":"http:\/\/desarrollo.grupomedios.com\/futbol\/wp-json\/wp\/v2\/posts"}],"about":[{"href":"http:\/\/desarrollo.grupomedios.com\/futbol\/wp-json\/wp\/v2\/types\/post"}],"author":[{"embeddable":true,"href":"http:\/\/desarrollo.grupomedios.com\/futbol\/wp-json\/wp\/v2\/users\/20"}],"replies":[{"embeddable":true,"href":"http:\/\/desarrollo.grupomedios.com\/futbol\/wp-json\/wp\/v2\/comments?post=352973"}],"version-history":[{"count":0,"href":"http:\/\/desarrollo.grupomedios.com\/futbol\/wp-json\/wp\/v2\/posts\/352973\/revisions"}],"wp:featuredmedia":[{"embeddable":true,"href":"http:\/\/desarrollo.grupomedios.com\/futbol\/wp-json\/wp\/v2\/media\/352974"}],"wp:attachment":[{"href":"http:\/\/desarrollo.grupomedios.com\/futbol\/wp-json\/wp\/v2\/media?parent=352973"}],"wp:term":[{"taxonomy":"category","embeddable":true,"href":"http:\/\/desarrollo.grupomedios.com\/futbol\/wp-json\/wp\/v2\/categories?post=352973"},{"taxonomy":"post_tag","embeddable":true,"href":"http:\/\/desarrollo.grupomedios.com\/futbol\/wp-json\/wp\/v2\/tags?post=352973"}],"curies":[{"name":"wp","href":"https:\/\/api.w.org\/{rel}","templated":true}]}}