{"id":353117,"date":"2016-01-31T10:07:15","date_gmt":"2016-01-31T16:07:15","guid":{"rendered":"http:\/\/futboltotal.com.mx\/?p=353117"},"modified":"2016-01-31T13:12:29","modified_gmt":"2016-01-31T19:12:29","slug":"chelsea-y-atletico-buscan-cambiar-delanteros","status":"publish","type":"post","link":"http:\/\/desarrollo.grupomedios.com\/futbol\/futbol-internacional\/chelsea-y-atletico-buscan-cambiar-delanteros\/2016\/01","title":{"rendered":"Chelsea y Atl\u00e9tico buscan cambiar delanteros"},"content":{"rendered":"<p>Los n\u00fameros de Jackson Mart\u00ednez son pobres en el Atl\u00e9tico de Madrid y si a eso se le suma que no es titular, la transacci\u00f3n del pasado verano no le sali\u00f3 bien al conjunto espa\u00f1ol. Por esa situaci\u00f3n y antes de que se deval\u00fae m\u00e1s el atacante colombiano, la entidad colchonera buscar\u00eda un trueque con <strong>Chelsea<\/strong> para recuperar a Diego Costa.<\/p>\n<p>Seg\u00fan el rotativo brit\u00e1nico <em>The Sun<\/em>, el conjunto madrile\u00f1o har\u00e1 un \u00faltimo intento a la &#8220;desesperada&#8221; para recuperar a Diego Costa, de 27 a\u00f1os, antes de que cierre el lunes el mercado de fichajes.<\/p>\n<p>El preparador argentino Diego Simeone, entrenador del Atl\u00e9tico, busca recuperar al hispano-brasile\u00f1o, quien tras un lento inicio de campa\u00f1a en Inglaterra ha mostrado su mejor versi\u00f3n desde la llegada de Guus Hiddink al banquillo del <strong>Chelsea<\/strong>. Sin embargo, siempre seg\u00fan el rotativo ingl\u00e9s, el Chelsea no aceptar\u00e1 el trueque, puesto que ni Jackson ni Costa podr\u00edan ser inscritos para disputar la Champions League.<\/p>\n<p>El internacional espa\u00f1ol, autor de seis tantos en los \u00faltimos siete partidos con los &#8216;blues&#8217;, ha recuperado el olfato goleador tras la partida de Jos\u00e9 Mourinho de Stamford Bridge, mientras que el colombiano, de 29 a\u00f1os, no ha brillado en el Vicente Calder\u00f3n desde su fichaje el pasado verano procedente del Porto por 35 millones de euros.<\/p>\n<p style=\"text-align: center;\"><span style=\"color: #3366ff;\"><strong><a style=\"color: #3366ff;\" href=\"http:\/\/futboltotal.com.mx\/2016\/01\/sigue-la-actualidad-de-los-fichajes-en-europa\/\">LEER M\u00c1S: Sigue la actualidad del mercado de fichajes.<\/a><\/strong><\/span><\/p>\n","protected":false},"excerpt":{"rendered":"<p>El regreso de uno de los m\u00e1s aclamados por la afici\u00f3n de los colchoneros se mantiene como inc\u00f3gnita <\/p>\n","protected":false},"author":20,"featured_media":353281,"comment_status":"closed","ping_status":"closed","sticky":false,"template":"","format":"standard","meta":[],"categories":[3839,3846,5951],"tags":[6007,5981,3205,6039],"_links":{"self":[{"href":"http:\/\/desarrollo.grupomedios.com\/futbol\/wp-json\/wp\/v2\/posts\/353117"}],"collection":[{"href":"http:\/\/desarrollo.grupomedios.com\/futbol\/wp-json\/wp\/v2\/posts"}],"about":[{"href":"http:\/\/desarrollo.grupomedios.com\/futbol\/wp-json\/wp\/v2\/types\/post"}],"author":[{"embeddable":true,"href":"http:\/\/desarrollo.grupomedios.com\/futbol\/wp-json\/wp\/v2\/users\/20"}],"replies":[{"embeddable":true,"href":"http:\/\/desarrollo.grupomedios.com\/futbol\/wp-json\/wp\/v2\/comments?post=353117"}],"version-history":[{"count":0,"href":"http:\/\/desarrollo.grupomedios.com\/futbol\/wp-json\/wp\/v2\/posts\/353117\/revisions"}],"wp:featuredmedia":[{"embeddable":true,"href":"http:\/\/desarrollo.grupomedios.com\/futbol\/wp-json\/wp\/v2\/media\/353281"}],"wp:attachment":[{"href":"http:\/\/desarrollo.grupomedios.com\/futbol\/wp-json\/wp\/v2\/media?parent=353117"}],"wp:term":[{"taxonomy":"category","embeddable":true,"href":"http:\/\/desarrollo.grupomedios.com\/futbol\/wp-json\/wp\/v2\/categories?post=353117"},{"taxonomy":"post_tag","embeddable":true,"href":"http:\/\/desarrollo.grupomedios.com\/futbol\/wp-json\/wp\/v2\/tags?post=353117"}],"curies":[{"name":"wp","href":"https:\/\/api.w.org\/{rel}","templated":true}]}}