{"id":353225,"date":"2016-01-30T22:52:27","date_gmt":"2016-01-31T04:52:27","guid":{"rendered":"http:\/\/futboltotal.com.mx\/?p=353225"},"modified":"2016-01-30T22:52:27","modified_gmt":"2016-01-31T04:52:27","slug":"reportan-balazos-en-el-san-luis-vs-necaxa","status":"publish","type":"post","link":"http:\/\/desarrollo.grupomedios.com\/futbol\/futbol-mexicano\/reportan-balazos-en-el-san-luis-vs-necaxa\/2016\/01","title":{"rendered":"Reportan balazos en el San Luis vs. Necaxa"},"content":{"rendered":"<p>Tras culminar el partido de la jornada 4 del <strong>Ascenso MX<\/strong>\u00a0entre <strong>Atl\u00e9tico San Luis<\/strong> y <strong>Necaxa<\/strong>, celebrado en el Alfonso Lastras, circularon\u00a0reportes,\u00a0en\u00a0redes sociales, sobre\u00a0balazos a las afueras del inmueble. En primera instancia se\u00a0presumible que esto obedeci\u00f3 a una\u00a0ri\u00f1a entre las barras de ambos equipos.<\/p>\n<p><iframe loading=\"lazy\" src=\"https:\/\/www.youtube.com\/embed\/Iurt7wj-mBc\" frameborder=\"0\" allowfullscreen=\"allowfullscreen\"><\/iframe><\/p>\n<p>El encuentro termin\u00f3 0-1 a favor del <strong>Necaxa<\/strong>, raz\u00f3n por la cual comenz\u00f3 el conflicto\u00a0afuera del recinto deportivo,\u00a0donde se\u00a0lograron captar im\u00e1genes de la ri\u00f1a, en la que se alcanzan a escuchar balazos.<\/p>\n<p>Sin que exista un pronunciamiento oficial, tambi\u00e9n se especula que los disparos podr\u00edan ser de parte de los oficiales de seguridad del estacionamiento del Alfonso Lastras, quienes, con balas de goma, quer\u00edan dispersar a la multitud.<\/p>\n","protected":false},"excerpt":{"rendered":"<p>La violencia hace acto de presencia en el Ascenso MX<\/p>\n","protected":false},"author":20,"featured_media":353231,"comment_status":"closed","ping_status":"closed","sticky":false,"template":"","format":"standard","meta":[],"categories":[3843,2198],"tags":[432,5971],"_links":{"self":[{"href":"http:\/\/desarrollo.grupomedios.com\/futbol\/wp-json\/wp\/v2\/posts\/353225"}],"collection":[{"href":"http:\/\/desarrollo.grupomedios.com\/futbol\/wp-json\/wp\/v2\/posts"}],"about":[{"href":"http:\/\/desarrollo.grupomedios.com\/futbol\/wp-json\/wp\/v2\/types\/post"}],"author":[{"embeddable":true,"href":"http:\/\/desarrollo.grupomedios.com\/futbol\/wp-json\/wp\/v2\/users\/20"}],"replies":[{"embeddable":true,"href":"http:\/\/desarrollo.grupomedios.com\/futbol\/wp-json\/wp\/v2\/comments?post=353225"}],"version-history":[{"count":0,"href":"http:\/\/desarrollo.grupomedios.com\/futbol\/wp-json\/wp\/v2\/posts\/353225\/revisions"}],"wp:featuredmedia":[{"embeddable":true,"href":"http:\/\/desarrollo.grupomedios.com\/futbol\/wp-json\/wp\/v2\/media\/353231"}],"wp:attachment":[{"href":"http:\/\/desarrollo.grupomedios.com\/futbol\/wp-json\/wp\/v2\/media?parent=353225"}],"wp:term":[{"taxonomy":"category","embeddable":true,"href":"http:\/\/desarrollo.grupomedios.com\/futbol\/wp-json\/wp\/v2\/categories?post=353225"},{"taxonomy":"post_tag","embeddable":true,"href":"http:\/\/desarrollo.grupomedios.com\/futbol\/wp-json\/wp\/v2\/tags?post=353225"}],"curies":[{"name":"wp","href":"https:\/\/api.w.org\/{rel}","templated":true}]}}