{"id":353283,"date":"2016-01-31T10:33:02","date_gmt":"2016-01-31T16:33:02","guid":{"rendered":"http:\/\/futboltotal.com.mx\/?p=353283"},"modified":"2016-01-31T10:33:02","modified_gmt":"2016-01-31T16:33:02","slug":"van-gaal-no-solo-teme-por-su-puesto-tambien-por-su-vida","status":"publish","type":"post","link":"http:\/\/desarrollo.grupomedios.com\/futbol\/futbol-internacional\/van-gaal-no-solo-teme-por-su-puesto-tambien-por-su-vida\/2016\/01","title":{"rendered":"Van Gaal no solo teme por su puesto, tambi\u00e9n por su vida"},"content":{"rendered":"<p>Los fan\u00e1ticos m\u00e1s radicales del\u00a0Manchester United tienen preocupado a\u00a0<strong>Louis van Gaal<\/strong>, que teme tanto por su integridad como por la de su esposa, Truus. Por esa raz\u00f3n, el t\u00e9cnico holand\u00e9s decidi\u00f3\u00a0reforzar las medidas de seguridad en su casa del lujoso barrio de Cheshire, ante el temor de que aficionados del club pudieran intentar alguna acci\u00f3n indeseable en su domicilio, seg\u00fan revela el diario <em>Mirror<\/em>.<\/p>\n<p>Algo que, por otro lado, no ser\u00eda nuevo. En su momento tanto Wayne Rooney como Rio Ferdinand tuvieron que enfrentarse a visitas no deseadas de aficionados enojados a sus casas y ante tal precedente <strong>Van Gaal<\/strong> quiere mantener esas situaciones alejadas. El entrenador del United ya cuenta en la actualidad con un servicio de seguridad dependiente del club y compuesto por varios guardaespaldas, que le protegen tanto en Old Trafford como en los terrenos de entrenamiento de Carrington del acoso de los hinchas enfurecidos.<\/p>\n<p>Pero Van Gaal esta muy preocupado y teme que tanto \u00e9l como su esposa puedan ser objetivo de la ira de estos aficionados radicales en su propio domicilio y ha incrementado la seguridad a su alrededor, reclutando a un equipo de guardaespaldas que permanecen estacionados fuera de su casa las 24 horas del d\u00eda.<\/p>\n<p>En este sentido, el t\u00e9cnico del United se lo ha tomado tan en serio que incluso ha empezado a buscar nuevo hogar que pueda ofrecerle mayor privacidad y seguridad ante la amenaza que supone esta situaci\u00f3n para su familia. <strong>Van Gaal<\/strong>\u00a0manifest\u00f3 que no tiene intenci\u00f3n de abandonar el reto que para \u00e9l supone el Manchester United, a pesar del acoso de algunos aficionados pero tiene miedo, sobre todo, por la integridad de su mujer y la posibilidad de que se viera atrapada en una situaci\u00f3n de riesgo.<\/p>\n<p style=\"text-align: center;\"><strong><span style=\"color: #3366ff;\"><a style=\"color: #3366ff;\" href=\"http:\/\/futboltotal.com.mx\/2016\/01\/en-espana-llueven-los-elogios-para-chicharito\/\">LEER M\u00c1S: En Espa\u00f1a llueven los elogios para Chicharito.\u00a0<\/a><\/span><\/strong><\/p>\n","protected":false},"excerpt":{"rendered":"<p>El rendimiento mediano del Manchester United preocupa al holand\u00e9s, a tal grado que contrat\u00f3 unos guardaespaldas <\/p>\n","protected":false},"author":20,"featured_media":351847,"comment_status":"closed","ping_status":"closed","sticky":false,"template":"","format":"standard","meta":[],"categories":[3839,3846,5951],"tags":[780,43],"_links":{"self":[{"href":"http:\/\/desarrollo.grupomedios.com\/futbol\/wp-json\/wp\/v2\/posts\/353283"}],"collection":[{"href":"http:\/\/desarrollo.grupomedios.com\/futbol\/wp-json\/wp\/v2\/posts"}],"about":[{"href":"http:\/\/desarrollo.grupomedios.com\/futbol\/wp-json\/wp\/v2\/types\/post"}],"author":[{"embeddable":true,"href":"http:\/\/desarrollo.grupomedios.com\/futbol\/wp-json\/wp\/v2\/users\/20"}],"replies":[{"embeddable":true,"href":"http:\/\/desarrollo.grupomedios.com\/futbol\/wp-json\/wp\/v2\/comments?post=353283"}],"version-history":[{"count":0,"href":"http:\/\/desarrollo.grupomedios.com\/futbol\/wp-json\/wp\/v2\/posts\/353283\/revisions"}],"wp:featuredmedia":[{"embeddable":true,"href":"http:\/\/desarrollo.grupomedios.com\/futbol\/wp-json\/wp\/v2\/media\/351847"}],"wp:attachment":[{"href":"http:\/\/desarrollo.grupomedios.com\/futbol\/wp-json\/wp\/v2\/media?parent=353283"}],"wp:term":[{"taxonomy":"category","embeddable":true,"href":"http:\/\/desarrollo.grupomedios.com\/futbol\/wp-json\/wp\/v2\/categories?post=353283"},{"taxonomy":"post_tag","embeddable":true,"href":"http:\/\/desarrollo.grupomedios.com\/futbol\/wp-json\/wp\/v2\/tags?post=353283"}],"curies":[{"name":"wp","href":"https:\/\/api.w.org\/{rel}","templated":true}]}}