{"id":353426,"date":"2016-01-31T17:46:23","date_gmt":"2016-01-31T23:46:23","guid":{"rendered":"http:\/\/futboltotal.com.mx\/?p=353426"},"modified":"2016-01-31T17:47:55","modified_gmt":"2016-01-31T23:47:55","slug":"futbolistas-de-grecia-detienen-partido-en-protesta-social","status":"publish","type":"post","link":"http:\/\/desarrollo.grupomedios.com\/futbol\/videos\/futbolistas-de-grecia-detienen-partido-en-protesta-social\/2016\/01","title":{"rendered":"Futbolistas de Grecia detienen partido en protesta social"},"content":{"rendered":"<p>En un encuentro entre el <strong>AEL Larissa<\/strong> y los <strong>Acharnaikos<\/strong> de la Segunda Divisi\u00f3n de <strong>Grecia<\/strong>, celebrado en el AEL FC Arena, los futbolistas de ambos equipos decidieron sentarse despu\u00e9s del silbatazo inicial, y suspender el juego como protesta social contra la <strong>Uni\u00f3n Europea<\/strong>.<\/p>\n<p>Tras el silbatazo del \u00e1rbitro y el primer toque de bal\u00f3n, los futbolistas del <strong>AEL Larissa<\/strong> decidieron sentarse en el terreno de juego, acci\u00f3n a la que respondieron los jugadores del cuadro visitante unos segundos despu\u00e9s. Esta medida la tom\u00f3 el conjunto local, como protesta hacia la<strong> Uni\u00f3n Europea<\/strong>, por el poco apoyo que han mostrado a los migrantes que buscan refugio de la guerra entre Siria e Irak.<\/p>\n<p>La medida del <strong>AEL Larissa<\/strong>, la dio a conocer la directiva del club, de forma previa al encuentro, y &#8220;en memoria de los centenares de ni\u00f1os que mueren cada d\u00eda a causa de la atroz apat\u00eda de la UE y de Turqu\u00eda, sobre lo que pasa en el mar Egeo&#8221;, se\u00f1al\u00f3 el club griego, que curiosamente es, el \u00faltimo equipo donde jug\u00f3 <strong>Antonio de Nigris<\/strong>, antes de su muerte.<\/p>\n<p><iframe loading=\"lazy\" src=\"https:\/\/www.youtube.com\/embed\/HZvcjT1LJGg\" frameborder=\"0\" allowfullscreen><\/iframe><\/p>\n","protected":false},"excerpt":{"rendered":"<p>En memoria de inmigrantes que han fallecido, se sentaron en la cancha <\/p>\n","protected":false},"author":20,"featured_media":353430,"comment_status":"closed","ping_status":"closed","sticky":false,"template":"","format":"standard","meta":[],"categories":[5419,3839,4,6433],"tags":[5460,2652,2844],"_links":{"self":[{"href":"http:\/\/desarrollo.grupomedios.com\/futbol\/wp-json\/wp\/v2\/posts\/353426"}],"collection":[{"href":"http:\/\/desarrollo.grupomedios.com\/futbol\/wp-json\/wp\/v2\/posts"}],"about":[{"href":"http:\/\/desarrollo.grupomedios.com\/futbol\/wp-json\/wp\/v2\/types\/post"}],"author":[{"embeddable":true,"href":"http:\/\/desarrollo.grupomedios.com\/futbol\/wp-json\/wp\/v2\/users\/20"}],"replies":[{"embeddable":true,"href":"http:\/\/desarrollo.grupomedios.com\/futbol\/wp-json\/wp\/v2\/comments?post=353426"}],"version-history":[{"count":0,"href":"http:\/\/desarrollo.grupomedios.com\/futbol\/wp-json\/wp\/v2\/posts\/353426\/revisions"}],"wp:featuredmedia":[{"embeddable":true,"href":"http:\/\/desarrollo.grupomedios.com\/futbol\/wp-json\/wp\/v2\/media\/353430"}],"wp:attachment":[{"href":"http:\/\/desarrollo.grupomedios.com\/futbol\/wp-json\/wp\/v2\/media?parent=353426"}],"wp:term":[{"taxonomy":"category","embeddable":true,"href":"http:\/\/desarrollo.grupomedios.com\/futbol\/wp-json\/wp\/v2\/categories?post=353426"},{"taxonomy":"post_tag","embeddable":true,"href":"http:\/\/desarrollo.grupomedios.com\/futbol\/wp-json\/wp\/v2\/tags?post=353426"}],"curies":[{"name":"wp","href":"https:\/\/api.w.org\/{rel}","templated":true}]}}