{"id":353427,"date":"2016-01-31T17:47:40","date_gmt":"2016-01-31T23:47:40","guid":{"rendered":"http:\/\/futboltotal.com.mx\/?p=353427"},"modified":"2016-01-31T17:58:12","modified_gmt":"2016-01-31T23:58:12","slug":"milan-apabullo-al-inter-en-el-derby-della-madonnina","status":"publish","type":"post","link":"http:\/\/desarrollo.grupomedios.com\/futbol\/futbol-internacional\/milan-apabullo-al-inter-en-el-derby-della-madonnina\/2016\/01","title":{"rendered":"Milan apabull\u00f3 al Inter en el Derby della Madonnina"},"content":{"rendered":"<p><strong>Milan<\/strong> apabull\u00f3 al Inter por 3-0 y se mantiene en la lucha por los puestos que dan acceso a Europa League pero buscando como objetivo \u00fanico la Champions League. Los tantos del brasile\u00f1o Alex, del colombiano Carlos Bacca y del franc\u00e9s M&#8217;Baye Niang permitieron un triunfo que en el resultado suena m\u00e1s f\u00e1cil de lo que en realidad ocurri\u00f3 en el campo, pues la ventaja estuvo en peligro luego de un penalti se\u00f1alado para los <em>nerazurri<\/em> que fue desperdiciado por Mauro Icardi para equilibrar el encuentro.<\/p>\n<p>Ambos equipos empezaron el derbi con determinaci\u00f3n, tratando de apretar ofensivamente. Sin embargo, el Inter cre\u00f3 las mejores ocasiones con el croata Ivan Perisic y el nuevo fichaje Eder, que sali\u00f3 de titular, pero termin\u00f3 encajando el gol del brasile\u00f1o Alex (35&#8242;), que marc\u00f3 con un cabezazo tras un perfecto centro del japon\u00e9s Keisuke Honda.<\/p>\n<p>La reanudaci\u00f3n empez\u00f3 con el mismo ritmo, sin grandes jugadas a nivel t\u00e9cnico pero s\u00ed con gran intensidad. El partido cambi\u00f3 en tres minutos, entre el 70 y 73. Inter pudo empatar de penalti, pero el argentino Mauro Icardi lo desaprovech\u00f3, al enviar el bal\u00f3n al poste. Poco despu\u00e9s, el <strong>Milan<\/strong> logr\u00f3 anotar el segundo tanto con el colombiano Carlos Bacca (m. 73). Tras encajar el 0-2, el conjunto del t\u00e9cnico Roberto Mancini perdi\u00f3 lucidez y termin\u00f3 recibiendo el tercer gol, esta vez del franc\u00e9s M&#8217;Baye Niang, que control\u00f3 un gran bal\u00f3n de Bonvanentura y anot\u00f3 su tercer tanto en Serie A.<\/p>\n<p>Se trata de una victoria fundamental para el <strong>Milan<\/strong>, que se acerca a la quinta plaza del Roma y se pone a cinco puntos del Inter, cuarto clasificado. Por su parte, los <em>nerazzurri<\/em> siguen sin ver luz y solo han conquistado dos puntos en los \u00faltimos cuatro partidos, qued\u00e1ndose a nueve puntos del liderato.<\/p>\n<p>En la Serie sigue mandando el Napoli. Los dirigidos por Sarri liquidaron al Empoli (5-1) y siguen en la punta con 50 unidades, dos m\u00e1s que la Juventus que borr\u00f3 al Chievo (0-4) y encaden\u00f3 su d\u00e9cimo segundo triunfo.<\/p>\n<p><iframe loading=\"lazy\" src=\"https:\/\/www.youtube.com\/embed\/LFUrmWMCvRY\" frameborder=\"0\" allowfullscreen=\"allowfullscreen\"><\/iframe><\/p>\n<p style=\"text-align: center;\"><strong><span style=\"color: #3366ff;\"><a style=\"color: #3366ff;\" href=\"http:\/\/futboltotal.com.mx\/2016\/01\/chicharito-en-la-elite-goleadora-del-mundo\/\">LEER M\u00c1S: Chicharito, en la \u00e9lite goleadora del mundo.<\/a><\/span><\/strong><\/p>\n","protected":false},"excerpt":{"rendered":"<p>Los dirigidos por Roberto Mancini siguen en ca\u00edda libre <\/p>\n","protected":false},"author":20,"featured_media":353433,"comment_status":"closed","ping_status":"closed","sticky":false,"template":"","format":"standard","meta":[],"categories":[3839,3848,5951],"tags":[1073,242,5958],"_links":{"self":[{"href":"http:\/\/desarrollo.grupomedios.com\/futbol\/wp-json\/wp\/v2\/posts\/353427"}],"collection":[{"href":"http:\/\/desarrollo.grupomedios.com\/futbol\/wp-json\/wp\/v2\/posts"}],"about":[{"href":"http:\/\/desarrollo.grupomedios.com\/futbol\/wp-json\/wp\/v2\/types\/post"}],"author":[{"embeddable":true,"href":"http:\/\/desarrollo.grupomedios.com\/futbol\/wp-json\/wp\/v2\/users\/20"}],"replies":[{"embeddable":true,"href":"http:\/\/desarrollo.grupomedios.com\/futbol\/wp-json\/wp\/v2\/comments?post=353427"}],"version-history":[{"count":0,"href":"http:\/\/desarrollo.grupomedios.com\/futbol\/wp-json\/wp\/v2\/posts\/353427\/revisions"}],"wp:featuredmedia":[{"embeddable":true,"href":"http:\/\/desarrollo.grupomedios.com\/futbol\/wp-json\/wp\/v2\/media\/353433"}],"wp:attachment":[{"href":"http:\/\/desarrollo.grupomedios.com\/futbol\/wp-json\/wp\/v2\/media?parent=353427"}],"wp:term":[{"taxonomy":"category","embeddable":true,"href":"http:\/\/desarrollo.grupomedios.com\/futbol\/wp-json\/wp\/v2\/categories?post=353427"},{"taxonomy":"post_tag","embeddable":true,"href":"http:\/\/desarrollo.grupomedios.com\/futbol\/wp-json\/wp\/v2\/tags?post=353427"}],"curies":[{"name":"wp","href":"https:\/\/api.w.org\/{rel}","templated":true}]}}