{"id":353466,"date":"2016-01-31T21:22:56","date_gmt":"2016-02-01T03:22:56","guid":{"rendered":"http:\/\/futboltotal.com.mx\/?p=353466"},"modified":"2016-01-31T21:23:21","modified_gmt":"2016-02-01T03:23:21","slug":"manchester-united-ofrece-40-millones-por-joya-del-benfica","status":"publish","type":"post","link":"http:\/\/desarrollo.grupomedios.com\/futbol\/futbol-internacional\/manchester-united-ofrece-40-millones-por-joya-del-benfica\/2016\/01","title":{"rendered":"Manchester United ofrece 40 millones por joya del Benfica"},"content":{"rendered":"<p>Pese a las m\u00faltiples contrataciones con las que cont\u00f3 el Manchester United para reforzar su medio sector en el pasado verano, la directiva podr\u00eda abrir una vez m\u00e1s la chequera y todo pensando en el futuro de la entidad, la raz\u00f3n, un joven de tan solo 18 a\u00f1os que es la gran joya de la cantera del <strong>Benfica:<\/strong> <strong>Renato Sanches<\/strong>.<\/p>\n<p>De acuerdo a los reportes de varios rotativos ingleses, la compra de locura podr\u00eda cerrarse el martes, en una operaci\u00f3n que activar\u00eda el mercado y de paso, ingresar\u00eda una gran cantidad de dinero a las arcas del <strong>Benfica<\/strong>.<\/p>\n<p><strong>Renato Sanches<\/strong> es uno de los prospectos m\u00e1s buscados a nivel mundial y ya es un indiscutible con el Benfica. \u00a0El poderoso mediocampista est\u00e1 considerado entre los 50 mejores futbolistas menores de 20 a\u00f1os y a pesar de que renov\u00f3 su acuerdo con las \u00c1guilas el a\u00f1o anterior (2021), una venta no ser\u00eda tan descabellada. Los 40 millones que ofreci\u00f3 el Manchester United ya parecen una locura pero podr\u00eda costar m\u00e1s, pues su cl\u00e1usula de rescisi\u00f3n asciende a 60 millones de la misma moneda.<\/p>\n<p><iframe loading=\"lazy\" src=\"https:\/\/www.youtube.com\/embed\/r_skRU34yK0\" frameborder=\"0\" allowfullscreen=\"allowfullscreen\"><\/iframe><\/p>\n<p style=\"text-align: center;\"><strong><span style=\"color: #3366ff;\"><a style=\"color: #3366ff;\" href=\"http:\/\/futboltotal.com.mx\/2016\/01\/raul-jimenez-participa-en-goleada-benfica-a-moreirense\/\">LEER M\u00c1S: Ra\u00fal Jim\u00e9nez participa en goleada del Benfica. <\/a><\/span><\/strong><\/p>\n","protected":false},"excerpt":{"rendered":"<p>El cierre de transferencias podr\u00eda contar con una grata sorpresa de parte de los Red Devils <\/p>\n","protected":false},"author":20,"featured_media":353467,"comment_status":"closed","ping_status":"closed","sticky":false,"template":"","format":"standard","meta":[],"categories":[3839,5951],"tags":[6060,43,6751],"_links":{"self":[{"href":"http:\/\/desarrollo.grupomedios.com\/futbol\/wp-json\/wp\/v2\/posts\/353466"}],"collection":[{"href":"http:\/\/desarrollo.grupomedios.com\/futbol\/wp-json\/wp\/v2\/posts"}],"about":[{"href":"http:\/\/desarrollo.grupomedios.com\/futbol\/wp-json\/wp\/v2\/types\/post"}],"author":[{"embeddable":true,"href":"http:\/\/desarrollo.grupomedios.com\/futbol\/wp-json\/wp\/v2\/users\/20"}],"replies":[{"embeddable":true,"href":"http:\/\/desarrollo.grupomedios.com\/futbol\/wp-json\/wp\/v2\/comments?post=353466"}],"version-history":[{"count":0,"href":"http:\/\/desarrollo.grupomedios.com\/futbol\/wp-json\/wp\/v2\/posts\/353466\/revisions"}],"wp:featuredmedia":[{"embeddable":true,"href":"http:\/\/desarrollo.grupomedios.com\/futbol\/wp-json\/wp\/v2\/media\/353467"}],"wp:attachment":[{"href":"http:\/\/desarrollo.grupomedios.com\/futbol\/wp-json\/wp\/v2\/media?parent=353466"}],"wp:term":[{"taxonomy":"category","embeddable":true,"href":"http:\/\/desarrollo.grupomedios.com\/futbol\/wp-json\/wp\/v2\/categories?post=353466"},{"taxonomy":"post_tag","embeddable":true,"href":"http:\/\/desarrollo.grupomedios.com\/futbol\/wp-json\/wp\/v2\/tags?post=353466"}],"curies":[{"name":"wp","href":"https:\/\/api.w.org\/{rel}","templated":true}]}}