{"id":353510,"date":"2016-02-01T09:33:20","date_gmt":"2016-02-01T15:33:20","guid":{"rendered":"http:\/\/futboltotal.com.mx\/?p=353510"},"modified":"2016-02-01T09:33:20","modified_gmt":"2016-02-01T15:33:20","slug":"amistoso-en-argentina-termina-en-pelea","status":"publish","type":"post","link":"http:\/\/desarrollo.grupomedios.com\/futbol\/videos\/amistoso-en-argentina-termina-en-pelea\/2016\/02","title":{"rendered":"Partido en Argentina termina&#8230; \u00a1en brutal pelea!"},"content":{"rendered":"<p><iframe loading=\"lazy\" src=\"https:\/\/www.youtube.com\/embed\/JyhkPv3A1cE\" frameborder=\"0\" allowfullscreen=\"allowfullscreen\"><\/iframe><\/p>\n<p>La semana pasada el esc\u00e1ndalo fue la pelea entres los jugadores de Boca Juniors y River Plate, ahora la pol\u00e9mica se dio en el <strong>cl\u00e1sico de La Plata<\/strong>, entre Estudiantes y Gimnasia. Jugadores de ambos clubes protagonizaron una <strong>brutal pelea<\/strong> en el campo de juego, en el marco de un duelo amistoso que debi\u00f3 ser suspendido por los incidentes.<\/p>\n<p>El caos descomunal se desat\u00f3 en los minutos finales del compromiso cuando Santiago Ascac\u00edbar de Estudiantes golpea dur\u00edsimo a un rival, por loa que se fue\u00a0expulsado. Ah\u00ed comenzaron a repartirse los golpes. Los \u00e1nimos hab\u00edan comenzado a calentarse antes cuando \u00c1lvaro Pereira le pega una descalificadora patada en la cabeza a Oreja, quien pierde moment\u00e1neamente el conocimiento a causa del golpe.<\/p>\n<p>&#8220;Este verano volvi\u00f3 a terminar con un suceso lamentable. Esta vez fue en el marco del cl\u00e1sico platense entre Estudiantes y Gimnasia. Un final bochornoso, escandaloso, impresentable&#8221;, critic\u00f3 el diario argentino <em>Ol\u00e9<\/em>.<\/p>\n","protected":false},"excerpt":{"rendered":"<p>Escandalosa ri\u00f1a\u00a0en el cl\u00e1sico de La Plata. Una\u00a0pena<\/p>\n","protected":false},"author":20,"featured_media":353511,"comment_status":"closed","ping_status":"closed","sticky":false,"template":"","format":"standard","meta":[],"categories":[3839,4],"tags":[6499],"_links":{"self":[{"href":"http:\/\/desarrollo.grupomedios.com\/futbol\/wp-json\/wp\/v2\/posts\/353510"}],"collection":[{"href":"http:\/\/desarrollo.grupomedios.com\/futbol\/wp-json\/wp\/v2\/posts"}],"about":[{"href":"http:\/\/desarrollo.grupomedios.com\/futbol\/wp-json\/wp\/v2\/types\/post"}],"author":[{"embeddable":true,"href":"http:\/\/desarrollo.grupomedios.com\/futbol\/wp-json\/wp\/v2\/users\/20"}],"replies":[{"embeddable":true,"href":"http:\/\/desarrollo.grupomedios.com\/futbol\/wp-json\/wp\/v2\/comments?post=353510"}],"version-history":[{"count":0,"href":"http:\/\/desarrollo.grupomedios.com\/futbol\/wp-json\/wp\/v2\/posts\/353510\/revisions"}],"wp:featuredmedia":[{"embeddable":true,"href":"http:\/\/desarrollo.grupomedios.com\/futbol\/wp-json\/wp\/v2\/media\/353511"}],"wp:attachment":[{"href":"http:\/\/desarrollo.grupomedios.com\/futbol\/wp-json\/wp\/v2\/media?parent=353510"}],"wp:term":[{"taxonomy":"category","embeddable":true,"href":"http:\/\/desarrollo.grupomedios.com\/futbol\/wp-json\/wp\/v2\/categories?post=353510"},{"taxonomy":"post_tag","embeddable":true,"href":"http:\/\/desarrollo.grupomedios.com\/futbol\/wp-json\/wp\/v2\/tags?post=353510"}],"curies":[{"name":"wp","href":"https:\/\/api.w.org\/{rel}","templated":true}]}}