{"id":353528,"date":"2016-02-01T11:24:37","date_gmt":"2016-02-01T17:24:37","guid":{"rendered":"http:\/\/futboltotal.com.mx\/?p=353528"},"modified":"2016-02-01T11:25:01","modified_gmt":"2016-02-01T17:25:01","slug":"conejo-perez-por-encima-del-mitico-jorge-campos","status":"publish","type":"post","link":"http:\/\/desarrollo.grupomedios.com\/futbol\/futbol-mexicano\/conejo-perez-por-encima-del-mitico-jorge-campos\/2016\/02","title":{"rendered":"Conejo P\u00e9rez, por encima del m\u00edtico Jorge Campos"},"content":{"rendered":"<p>Para el Invierno 1997, temporada en la que\u00a0<strong>Cruz Azul<\/strong>\u00a0obtuvo su \u00faltimo t\u00edtulo de liga, llegaron al equipo <em>cementero<\/em> dos experimentados porteros:\u00a0Nicol\u00e1s Navarro\u00a0y\u00a0<strong><a href=\"http:\/\/Los ex\u00f3ticos uniformes de Jorge Campos\">Jorge Campos<\/a><\/strong>.\u00a0El primero\u00a0hab\u00eda sido bicampe\u00f3n con Necaxa en las temporadas 1994-95 y 1995-96, en tanto el <em>Brody<\/em>\u00a0contaba con el prestigio de ser el portero de la Selecci\u00f3n Mexicana. Sin embargo, el entonces juvenil\u00a0<strong>Oscar P\u00e9rez<\/strong>\u00a0les gan\u00f3 el puesto.<\/p>\n<p>\u201cHubo quien me pregunt\u00f3 <em>&#8216;\u00bfVas a poner a Nicol\u00e1s Navarro o a Jorge Campos?&#8217;<\/em>. Ellos eran los de la experiencia y hab\u00edan llegado para jugar la liguilla\u201d, recuerda\u00a0Luis Fernando Tena, quien entonces era el t\u00e9cnico de la<i> M\u00e1quina<\/i> de <strong>Cruz Azul<\/strong>.<\/p>\n<p style=\"text-align: center;\"><strong><a style=\"color: #3366ff;\" href=\"http:\/\/futboltotal.com.mx\/2015\/12\/cruz-azul-que-fue-de-los-campeones-de-1997\/\">LEER M\u00c1S: Qu\u00e9 fue de los \u00faltimos campeones de Cruz Azul\u2026<\/a><\/strong><\/p>\n<p>El\u00a0<em>Flaco<\/em>\u00a0no eligi\u00f3 a ninguno de los dos flamantes guardametas, ni siquiera en la Gran Final ante Le\u00f3n.<\/p>\n<p>\u201cEl\u00a0<em>Conejo<\/em>\u00a0<strong>P\u00e9rez\u00a0<\/strong>hab\u00eda hecho una gran temporada regular y me toc\u00f3 tomar una de las decisiones m\u00e1s dif\u00edciles que he tenido como t\u00e9cnico. Estaba consciente en que si\u00a0<strong>\u00d3scar P\u00e9rez<\/strong>\u00a0no jugaba bien en la liguilla yo iba a ser muy criticado por dejar a\u00a0Nicol\u00e1s\u00a0y a\u00a0<strong>Campos\u00a0<\/strong>en la banca, pero afortunadamente el\u00a0<em>Conejo<\/em>\u00a0estuvo extraordinario\u201d, rememora el\u00a0<em>Flaco<\/em>\u00a0<strong>Tena<\/strong>.<\/p>\n<p style=\"text-align: center;\"><span style=\"color: #3366ff;\"><strong><a style=\"color: #3366ff;\" href=\"http:\/\/futboltotal.com.mx\/2016\/02\/los-10-jugadores-mas-veteranos-del-clausura-2016\/\">LEER M\u00c1S: Los jugadores m\u00e1s veteranos del Clausura 2016<\/a><\/strong><\/span><\/p>\n<p>Cabe apuntar\u00a0que\u00a0<b>\u00d3scar P\u00e9rez<\/b>\u00a0cumple este lunes 1 de febrero 43 a\u00f1os de edad, destacando que el <em>Conejo<\/em>\u00a0es el \u00fanico futbolista que ha estado presente en los todos los torneos cortos que se han disputado en el futbol mexicano;\u00a0el portero de los <em>Tuzos<\/em>\u00a0acumula un total de 42 torneos de liga disputados,\u00a0tras debutar\u00a0en Primera Divisi\u00f3n\u00a0el 21 de agosto de 1993.<\/p>\n","protected":false},"excerpt":{"rendered":"<p>El portero del Pachuca cumple este lunes 43 a\u00f1os de edad<\/p>\n","protected":false},"author":20,"featured_media":353539,"comment_status":"closed","ping_status":"closed","sticky":false,"template":"","format":"standard","meta":[],"categories":[2198,3845,5950],"tags":[4410,2053],"_links":{"self":[{"href":"http:\/\/desarrollo.grupomedios.com\/futbol\/wp-json\/wp\/v2\/posts\/353528"}],"collection":[{"href":"http:\/\/desarrollo.grupomedios.com\/futbol\/wp-json\/wp\/v2\/posts"}],"about":[{"href":"http:\/\/desarrollo.grupomedios.com\/futbol\/wp-json\/wp\/v2\/types\/post"}],"author":[{"embeddable":true,"href":"http:\/\/desarrollo.grupomedios.com\/futbol\/wp-json\/wp\/v2\/users\/20"}],"replies":[{"embeddable":true,"href":"http:\/\/desarrollo.grupomedios.com\/futbol\/wp-json\/wp\/v2\/comments?post=353528"}],"version-history":[{"count":0,"href":"http:\/\/desarrollo.grupomedios.com\/futbol\/wp-json\/wp\/v2\/posts\/353528\/revisions"}],"wp:featuredmedia":[{"embeddable":true,"href":"http:\/\/desarrollo.grupomedios.com\/futbol\/wp-json\/wp\/v2\/media\/353539"}],"wp:attachment":[{"href":"http:\/\/desarrollo.grupomedios.com\/futbol\/wp-json\/wp\/v2\/media?parent=353528"}],"wp:term":[{"taxonomy":"category","embeddable":true,"href":"http:\/\/desarrollo.grupomedios.com\/futbol\/wp-json\/wp\/v2\/categories?post=353528"},{"taxonomy":"post_tag","embeddable":true,"href":"http:\/\/desarrollo.grupomedios.com\/futbol\/wp-json\/wp\/v2\/tags?post=353528"}],"curies":[{"name":"wp","href":"https:\/\/api.w.org\/{rel}","templated":true}]}}