{"id":353529,"date":"2016-02-01T11:19:59","date_gmt":"2016-02-01T17:19:59","guid":{"rendered":"http:\/\/futboltotal.com.mx\/?p=353529"},"modified":"2016-02-01T11:41:34","modified_gmt":"2016-02-01T17:41:34","slug":"un-crack-del-manchester-city-saldria-por-la-llegada-de-guardiola","status":"publish","type":"post","link":"http:\/\/desarrollo.grupomedios.com\/futbol\/futbol-internacional\/un-crack-del-manchester-city-saldria-por-la-llegada-de-guardiola\/2016\/02","title":{"rendered":"Un crack del City saldr\u00eda por llegada de Guardiola"},"content":{"rendered":"<p><strong><span style=\"color: #3366ff;\"><a style=\"color: #3366ff;\" href=\"http:\/\/futboltotal.com.mx\/2016\/02\/guardiola-proximo-dt-del-manchester-city\/\">El anuncio del fichaje de Pep Guardiola<\/a><\/span><\/strong> por el <strong>Manchester City<\/strong> por las futuras tres temporadas podr\u00eda provocar la salida de los Citizens para\u00a0Yaya Tour\u00e9. El centrocampista internacional marfile\u00f1o jug\u00f3 bajo las \u00f3rdenes del t\u00e9cnico catal\u00e1n en el Barcelona durante las temporadas 2008-09 y 2009-10, con quien al final no cont\u00f3 para la plantilla y unas recientes declaraciones de su agente, Dimitri Seluk, acerca del futuro de su representado si Guardiola se compromet\u00eda con el Manchester City alejan al jugador de su actual equipo.<\/p>\n<p>Seluk, que en su d\u00eda forz\u00f3 la salida de Tour\u00e9 del Barcelona debido a la p\u00e9rdida de protagonismo del futbolista africano con la irrupci\u00f3n de Sergio Busquets en el primer equipo blaugrana, nunca ha mantenido una buena sinton\u00eda con Guardiola. Tras reconocer que el entrenador de Sampedor hab\u00eda conquistado los t\u00edtulos de la Liga BBVA y de la Bundesliga a\u00f1adi\u00f3 con iron\u00eda: &#8220;La verdad es que mi abuelo tambi\u00e9n podr\u00eda haber ganado el t\u00edtulo con el Barcelona y el Bayern, ya que se trata de grandes clubes con grandes jugadores&#8221;.<\/p>\n<p>Y sobre la inminente\u00a0llegada de Guardiola a Manchester para hacerse cargo de la plantilla citzen, Seluk dijo hace unos meses: &#8220;No s\u00e9 cu\u00e1les son los planes de Guardiola, pero hay una cierta preocupaci\u00f3n por el futuro de Yaya Tour\u00e9. Si viene, es posible que Yaya Tour\u00e9 est\u00e9 ya fuera&#8221;. Seluk teme que con Guardiola lleguen al equipo mancuniano &#8220;muchos jugadores espa\u00f1oles&#8221; que podr\u00edan cerrar el paso a la titularidad de Tour\u00e9.<\/p>\n<p style=\"text-align: center;\"><span style=\"color: #3366ff;\"><strong><a style=\"color: #3366ff;\" href=\"http:\/\/futboltotal.com.mx\/2016\/02\/sabia-de-esto-desde-hace-un-mes-pellegrini\/\">LEER M\u00c1S: &#8220;Sab\u00eda esto desde hace un mes&#8221;: Pellegrini<\/a><\/strong><\/span><\/p>\n","protected":false},"excerpt":{"rendered":"<p>Se confirm\u00f3 el arribo para verano de Pep a los Citizens pero no todos se muestran ilusionados <\/p>\n","protected":false},"author":20,"featured_media":353535,"comment_status":"closed","ping_status":"closed","sticky":false,"template":"","format":"standard","meta":[],"categories":[3839,3846,5951],"tags":[5993,1791,6068],"_links":{"self":[{"href":"http:\/\/desarrollo.grupomedios.com\/futbol\/wp-json\/wp\/v2\/posts\/353529"}],"collection":[{"href":"http:\/\/desarrollo.grupomedios.com\/futbol\/wp-json\/wp\/v2\/posts"}],"about":[{"href":"http:\/\/desarrollo.grupomedios.com\/futbol\/wp-json\/wp\/v2\/types\/post"}],"author":[{"embeddable":true,"href":"http:\/\/desarrollo.grupomedios.com\/futbol\/wp-json\/wp\/v2\/users\/20"}],"replies":[{"embeddable":true,"href":"http:\/\/desarrollo.grupomedios.com\/futbol\/wp-json\/wp\/v2\/comments?post=353529"}],"version-history":[{"count":0,"href":"http:\/\/desarrollo.grupomedios.com\/futbol\/wp-json\/wp\/v2\/posts\/353529\/revisions"}],"wp:featuredmedia":[{"embeddable":true,"href":"http:\/\/desarrollo.grupomedios.com\/futbol\/wp-json\/wp\/v2\/media\/353535"}],"wp:attachment":[{"href":"http:\/\/desarrollo.grupomedios.com\/futbol\/wp-json\/wp\/v2\/media?parent=353529"}],"wp:term":[{"taxonomy":"category","embeddable":true,"href":"http:\/\/desarrollo.grupomedios.com\/futbol\/wp-json\/wp\/v2\/categories?post=353529"},{"taxonomy":"post_tag","embeddable":true,"href":"http:\/\/desarrollo.grupomedios.com\/futbol\/wp-json\/wp\/v2\/tags?post=353529"}],"curies":[{"name":"wp","href":"https:\/\/api.w.org\/{rel}","templated":true}]}}