{"id":353534,"date":"2016-02-01T12:10:12","date_gmt":"2016-02-01T18:10:12","guid":{"rendered":"http:\/\/futboltotal.com.mx\/?p=353534"},"modified":"2016-02-01T14:41:20","modified_gmt":"2016-02-01T20:41:20","slug":"real-madrid-deja-ir-a-cheryshev","status":"publish","type":"post","link":"http:\/\/desarrollo.grupomedios.com\/futbol\/futbol-internacional\/real-madrid-deja-ir-a-cheryshev\/2016\/02","title":{"rendered":"Real Madrid traspasa a Cheryshev"},"content":{"rendered":"<p>El <strong>Real Madrid<\/strong> se hace presente en la agon\u00eda del mercado de fichajes invernal con un movimiento inesperado: abre la puerta al mediocampista<strong> Denis Cheryshev<\/strong>, quien jugar\u00e1 por lo que resta de la campa\u00f1a con el Valencia.<\/p>\n<p>De acuerdo con el reporte de la prensa espa\u00f1ola, el Sevilla hab\u00eda pujado fuerte por el pase del ruso, sin embargo; los <em>Ch\u00e9s <\/em>ganaron la partida tras incluir en la cesi\u00f3n una cl\u00e1usula con opci\u00f3n a compra por 10 mde que podr\u00eda validarse en el verano.<\/p>\n<p>El traspaso se har\u00e1 oficial en las pr\u00f3ximas horas y <strong>Cheryshev<\/strong> podr\u00eda debutar esta misma semana, cuando el Valencia dispute el duelo de Ida de Semifinales de Copa del Rey frente al Barcelona.<\/p>\n<p style=\"text-align: center;\"><span style=\"color: #3366ff;\"><strong><a style=\"color: #3366ff;\" href=\"http:\/\/futboltotal.com.mx\/futbol-internacional\/\">LEER M\u00c1S: Todas las noticias de Futbol internacional<\/a><\/strong><\/span><\/p>\n<p><strong>Cheryshev<\/strong> fue incluido como parte de la primera plantilla del <strong>Real Madrid<\/strong> por el exentrenador Rafael Ben\u00edtez, pero no encontr\u00f3 los minutos esperados -termino con 117 en solo seis partidos-. De hecho, su \u00faltima convocatoria la recibi\u00f3 el pasado 5 de diciembre previo al partido contra el Celta. Se marcha, sin opci\u00f3n a compra, despu\u00e9s de que el entrenador Zinedine Zidane no lo incluyera en los planes del equipo.<\/p>\n<p style=\"text-align: center;\"><strong><span style=\"color: #3366ff;\"><a style=\"color: #3366ff;\" href=\"http:\/\/futboltotal.com.mx\/2016\/02\/sigue-la-actualidad-de-los-fichajes-en-europa\/\">LEER M\u00c1S: Sigue toda la actualidad el mercado de fichajes<\/a><\/span><\/strong><\/p>\n<p>&nbsp;<\/p>\n","protected":false},"excerpt":{"rendered":"<p>El conjunto blanco acuerda con el Valencia la cesi\u00f3n del mediocampista <\/p>\n","protected":false},"author":20,"featured_media":353551,"comment_status":"closed","ping_status":"closed","sticky":false,"template":"","format":"standard","meta":[],"categories":[3839,3844],"tags":[6548,6752],"_links":{"self":[{"href":"http:\/\/desarrollo.grupomedios.com\/futbol\/wp-json\/wp\/v2\/posts\/353534"}],"collection":[{"href":"http:\/\/desarrollo.grupomedios.com\/futbol\/wp-json\/wp\/v2\/posts"}],"about":[{"href":"http:\/\/desarrollo.grupomedios.com\/futbol\/wp-json\/wp\/v2\/types\/post"}],"author":[{"embeddable":true,"href":"http:\/\/desarrollo.grupomedios.com\/futbol\/wp-json\/wp\/v2\/users\/20"}],"replies":[{"embeddable":true,"href":"http:\/\/desarrollo.grupomedios.com\/futbol\/wp-json\/wp\/v2\/comments?post=353534"}],"version-history":[{"count":0,"href":"http:\/\/desarrollo.grupomedios.com\/futbol\/wp-json\/wp\/v2\/posts\/353534\/revisions"}],"wp:featuredmedia":[{"embeddable":true,"href":"http:\/\/desarrollo.grupomedios.com\/futbol\/wp-json\/wp\/v2\/media\/353551"}],"wp:attachment":[{"href":"http:\/\/desarrollo.grupomedios.com\/futbol\/wp-json\/wp\/v2\/media?parent=353534"}],"wp:term":[{"taxonomy":"category","embeddable":true,"href":"http:\/\/desarrollo.grupomedios.com\/futbol\/wp-json\/wp\/v2\/categories?post=353534"},{"taxonomy":"post_tag","embeddable":true,"href":"http:\/\/desarrollo.grupomedios.com\/futbol\/wp-json\/wp\/v2\/tags?post=353534"}],"curies":[{"name":"wp","href":"https:\/\/api.w.org\/{rel}","templated":true}]}}