{"id":353549,"date":"2016-02-01T12:19:23","date_gmt":"2016-02-01T18:19:23","guid":{"rendered":"http:\/\/futboltotal.com.mx\/?p=353549"},"modified":"2016-02-01T12:20:29","modified_gmt":"2016-02-01T18:20:29","slug":"moises-munoz-recibe-curiosa-felicitacion","status":"publish","type":"post","link":"http:\/\/desarrollo.grupomedios.com\/futbol\/futbol-mexicano\/moises-munoz-recibe-curiosa-felicitacion\/2016\/02","title":{"rendered":"Mois\u00e9s Mu\u00f1oz recibe curiosa felicitaci\u00f3n"},"content":{"rendered":"<p>Este lunes 1 de febrero, <strong>Mois\u00e9s Mu\u00f1oz<\/strong>, portero de las <em>\u00c1guilas<\/em> del <strong>Am\u00e9rica<\/strong>,\u00a0cumple 36 a\u00f1os de edad. Y entre las muchas felicitaciones que ha recibido en su cuenta de Twitter, destaca la de su colega de profesi\u00f3n <strong>Jonathan Orozco<\/strong>, cancerbero de <em>Rayados<\/em> de Monterrey.<\/p>\n<blockquote class=\"twitter-tweet\" lang=\"es\">\n<p dir=\"ltr\" lang=\"es\"><a href=\"https:\/\/twitter.com\/MoyMu23\">@MoyMu23<\/a> gordito muchas felicidades sabes que te aprecio un chingo, te mando un fuere abrazo que sean muchos m\u00e1s!<\/p>\n<p>\u2014 Jonathan Orozco (@jona_orozco) <a href=\"https:\/\/twitter.com\/jona_orozco\/status\/694212837367939072\">febrero 1, 2016<\/a><\/p><\/blockquote>\n<p><script src=\"\/\/platform.twitter.com\/widgets.js\" async=\"\" charset=\"utf-8\"><\/script><\/p>\n<p>Curiosa\u00a0felicitaci\u00f3n de <strong>Orozco<\/strong>, quien sin empacho,\u00a0y contando con el respaldo de\u00a0la amistad\u00a0que sostiene con <em>Moi<\/em>, llam\u00f3 <strong>gordito<\/strong> al portero de las <em>\u00c1guilas<\/em>, quien en m\u00e1s de una ocasi\u00f3n ha sido cuestionado por su aparente sobrepeso.<\/p>\n","protected":false},"excerpt":{"rendered":"<p>Jonathan Orozco llam\u00f3 gordito al portero de las \u00c1guilas del Am\u00e9rica<\/p>\n","protected":false},"author":20,"featured_media":353556,"comment_status":"closed","ping_status":"closed","sticky":false,"template":"","format":"standard","meta":[],"categories":[2198,3845],"tags":[5959,635],"_links":{"self":[{"href":"http:\/\/desarrollo.grupomedios.com\/futbol\/wp-json\/wp\/v2\/posts\/353549"}],"collection":[{"href":"http:\/\/desarrollo.grupomedios.com\/futbol\/wp-json\/wp\/v2\/posts"}],"about":[{"href":"http:\/\/desarrollo.grupomedios.com\/futbol\/wp-json\/wp\/v2\/types\/post"}],"author":[{"embeddable":true,"href":"http:\/\/desarrollo.grupomedios.com\/futbol\/wp-json\/wp\/v2\/users\/20"}],"replies":[{"embeddable":true,"href":"http:\/\/desarrollo.grupomedios.com\/futbol\/wp-json\/wp\/v2\/comments?post=353549"}],"version-history":[{"count":0,"href":"http:\/\/desarrollo.grupomedios.com\/futbol\/wp-json\/wp\/v2\/posts\/353549\/revisions"}],"wp:featuredmedia":[{"embeddable":true,"href":"http:\/\/desarrollo.grupomedios.com\/futbol\/wp-json\/wp\/v2\/media\/353556"}],"wp:attachment":[{"href":"http:\/\/desarrollo.grupomedios.com\/futbol\/wp-json\/wp\/v2\/media?parent=353549"}],"wp:term":[{"taxonomy":"category","embeddable":true,"href":"http:\/\/desarrollo.grupomedios.com\/futbol\/wp-json\/wp\/v2\/categories?post=353549"},{"taxonomy":"post_tag","embeddable":true,"href":"http:\/\/desarrollo.grupomedios.com\/futbol\/wp-json\/wp\/v2\/tags?post=353549"}],"curies":[{"name":"wp","href":"https:\/\/api.w.org\/{rel}","templated":true}]}}