{"id":353595,"date":"2016-02-01T14:15:29","date_gmt":"2016-02-01T20:15:29","guid":{"rendered":"http:\/\/futboltotal.com.mx\/?p=353595"},"modified":"2016-02-01T14:25:18","modified_gmt":"2016-02-01T20:25:18","slug":"verratti-dice-no-al-barcelona-y-real-madrid","status":"publish","type":"post","link":"http:\/\/desarrollo.grupomedios.com\/futbol\/futbol-internacional\/verratti-dice-no-al-barcelona-y-real-madrid\/2016\/02","title":{"rendered":"Verratti dice no al Barcelona y Real Madrid"},"content":{"rendered":"<p>El italiano <strong>Marco Verratti<\/strong> le ha dado carpetazo a su futuro. No hay forma de que pueda salir del <strong>PSG<\/strong>, ni siquiera ante el posible inter\u00e9s del <strong>Real Madrid<\/strong> o <strong>Barcelona<\/strong>. Tiene contrato hasta 2019 y su intenci\u00f3n es consolidarse con los parisinos como uno de los mejores mediocampistas del orbe.<\/p>\n<p>&#8220;No me gusta cambiar de equipo. Estoy muy bien aqu\u00ed, as\u00ed que no creo irme. No veo lo que pasa en otros lugares o lo que dice la prensa&#8221;, dijo Verratti en entrevista para el diario <em>L&#8217;Equipe.<\/em><\/p>\n<p style=\"text-align: center;\"><strong><span style=\"color: #3366ff;\"><a style=\"color: #3366ff;\" href=\"http:\/\/futboltotal.com.mx\/futbol-internacional\/\">LEER M\u00c1S: Todas las noticias de futbol internacional<\/a><\/span><\/strong><\/p>\n<p>La \u00fanica forma en que el oriundo de Pescara podr\u00eda cambiar de parecer es si el entrenador Laurent Blanc o cualquier otro que llegase al club no estuviera satisfecho con su estilo de juego.<\/p>\n<p>&#8220;Soy arriesgado con la pelota y es mi estilo de juego, no puedo cambiarlo. Cuando no logras ser como el t\u00e9cnico quiere lo mejor es irte o de lo contrario tu hogar ser\u00e1 el banquillo. No puedo ver que un equipo tenga la pelota y un centrocampista no mueve m\u00e1s de 60 metros el esf\u00e9rico&#8221;. agreg\u00f3.<\/p>\n<p>Verratti revel\u00f3 que &#8220;Ibrahimovic es el mejor jugador del club&#8221; y nada le gustar\u00eda m\u00e1s que aprender de \u00e9l y convertirse en una de las leyendas del PSG: &#8220;Podr\u00eda jugar aqu\u00ed hasta lo 35 a\u00f1os solo si el club mantiene la misma ambici\u00f3n y quiere que me quede&#8221;.<\/p>\n<p style=\"text-align: center;\"><span style=\"color: #3366ff;\"><strong><a style=\"color: #3366ff;\" href=\"http:\/\/futboltotal.com.mx\/2016\/02\/sigue-la-actualidad-de-los-fichajes-en-europa\/\">LEER M\u00c1S: Sigue toda la actualidad del mercado de fichajes<\/a><\/strong><\/span><\/p>\n","protected":false},"excerpt":{"rendered":"<p>El mediocampista italiano cuenta por qu\u00e9 no quiere dejar el PSG<\/p>\n","protected":false},"author":20,"featured_media":353611,"comment_status":"closed","ping_status":"closed","sticky":false,"template":"","format":"standard","meta":[],"categories":[3839,5951],"tags":[4086,114],"_links":{"self":[{"href":"http:\/\/desarrollo.grupomedios.com\/futbol\/wp-json\/wp\/v2\/posts\/353595"}],"collection":[{"href":"http:\/\/desarrollo.grupomedios.com\/futbol\/wp-json\/wp\/v2\/posts"}],"about":[{"href":"http:\/\/desarrollo.grupomedios.com\/futbol\/wp-json\/wp\/v2\/types\/post"}],"author":[{"embeddable":true,"href":"http:\/\/desarrollo.grupomedios.com\/futbol\/wp-json\/wp\/v2\/users\/20"}],"replies":[{"embeddable":true,"href":"http:\/\/desarrollo.grupomedios.com\/futbol\/wp-json\/wp\/v2\/comments?post=353595"}],"version-history":[{"count":0,"href":"http:\/\/desarrollo.grupomedios.com\/futbol\/wp-json\/wp\/v2\/posts\/353595\/revisions"}],"wp:featuredmedia":[{"embeddable":true,"href":"http:\/\/desarrollo.grupomedios.com\/futbol\/wp-json\/wp\/v2\/media\/353611"}],"wp:attachment":[{"href":"http:\/\/desarrollo.grupomedios.com\/futbol\/wp-json\/wp\/v2\/media?parent=353595"}],"wp:term":[{"taxonomy":"category","embeddable":true,"href":"http:\/\/desarrollo.grupomedios.com\/futbol\/wp-json\/wp\/v2\/categories?post=353595"},{"taxonomy":"post_tag","embeddable":true,"href":"http:\/\/desarrollo.grupomedios.com\/futbol\/wp-json\/wp\/v2\/tags?post=353595"}],"curies":[{"name":"wp","href":"https:\/\/api.w.org\/{rel}","templated":true}]}}