{"id":353650,"date":"2016-02-01T17:19:49","date_gmt":"2016-02-01T23:19:49","guid":{"rendered":"http:\/\/futboltotal.com.mx\/?p=353650"},"modified":"2016-02-01T20:09:45","modified_gmt":"2016-02-02T02:09:45","slug":"con-luis-fernando-tena-leon-seguira-siendo-fiera","status":"publish","type":"post","link":"http:\/\/desarrollo.grupomedios.com\/futbol\/futbol-mexicano\/con-luis-fernando-tena-leon-seguira-siendo-fiera\/2016\/02","title":{"rendered":"Con Luis Fernando Tena, Le\u00f3n seguir\u00e1 siendo Fiera"},"content":{"rendered":"<p><strong>Luis Fernando Tena<\/strong>, fue presentado de forma oficial, como el nuevo entrenador de <a href=\"http:\/\/futboltotal.com.mx\/equipos\/leon\/\" target=\"_blank\"><strong>Le\u00f3n<\/strong><\/a>, para lo que resta del Clausura 2016; el estratega se siente motivado y afirm\u00f3, que la ideolog\u00eda ofensiva que ha tenido el club guanajuatense, se mantendr\u00e1 con el en el tim\u00f3n.<\/p>\n<p>&#8220;El <em>Flaco<\/em> Tena y su equipo son gente capaz, que pueden tener una buena temporada, viene un buen t\u00e9cnico a un buen plantel&#8221;, se\u00f1al\u00f3 Jes\u00fas Mart\u00ednez Murgu\u00eda, presidente del <strong>Le\u00f3n<\/strong>, durante la presentaci\u00f3n del estratega como entrenador <em>Panza Verde<\/em>.<\/p>\n<p>Al respecto, <strong>Luis Fernando Tena<\/strong> agreg\u00f3 que respetar\u00e1 el estilo de juego del <strong>Le\u00f3n<\/strong>, pero agregar\u00e1 de sus conocimientos, para perfeccionar el perfeccionamiento de la <em>Fiera<\/em> en la Liga MX; incluso, buscar\u00e1 establecer contacto con Juan Antonio Pizzi, para mantener la ideolog\u00eda del t\u00e9cnico argentino.<\/p>\n<p>&#8220;El sello ya lo tiene y lo vamos a respetar. Es verdad que cada t\u00e9cnico le va poniendo su sello, pero ser\u00e1 sobre la marcha. Voy a respetar la naturaleza del equipo que ha jugado ofensivo. Llego para estar mucho tiempo y lograr cosas importantes&#8221;, concluy\u00f3 el estratega.<\/p>\n<blockquote class=\"twitter-tweet\" data-lang=\"es\">\n<p lang=\"es\" dir=\"ltr\">&quot;Estamos muy contentos de estar aqu\u00ed, no hay duda de que Le\u00f3n tiene uno de los mejores planteles de M\u00e9xico&quot;. LFT <a href=\"https:\/\/t.co\/aj4gp2dQIF\">pic.twitter.com\/aj4gp2dQIF<\/a><\/p>\n<p>&mdash; Club Le\u00f3n (@clubleonfc) <a href=\"https:\/\/twitter.com\/clubleonfc\/status\/694192854852210688\">febrero 1, 2016<\/a><\/p><\/blockquote>\n<p><script async src=\"\/\/platform.twitter.com\/widgets.js\" charset=\"utf-8\"><\/script><\/p>\n","protected":false},"excerpt":{"rendered":"<p>El estratega fue presentado y dijo que respetar\u00e1 el estilo ofensivo del club<\/p>\n","protected":false},"author":20,"featured_media":353662,"comment_status":"closed","ping_status":"closed","sticky":false,"template":"","format":"standard","meta":[],"categories":[2198,3845,5950],"tags":[5965,64,565],"_links":{"self":[{"href":"http:\/\/desarrollo.grupomedios.com\/futbol\/wp-json\/wp\/v2\/posts\/353650"}],"collection":[{"href":"http:\/\/desarrollo.grupomedios.com\/futbol\/wp-json\/wp\/v2\/posts"}],"about":[{"href":"http:\/\/desarrollo.grupomedios.com\/futbol\/wp-json\/wp\/v2\/types\/post"}],"author":[{"embeddable":true,"href":"http:\/\/desarrollo.grupomedios.com\/futbol\/wp-json\/wp\/v2\/users\/20"}],"replies":[{"embeddable":true,"href":"http:\/\/desarrollo.grupomedios.com\/futbol\/wp-json\/wp\/v2\/comments?post=353650"}],"version-history":[{"count":0,"href":"http:\/\/desarrollo.grupomedios.com\/futbol\/wp-json\/wp\/v2\/posts\/353650\/revisions"}],"wp:featuredmedia":[{"embeddable":true,"href":"http:\/\/desarrollo.grupomedios.com\/futbol\/wp-json\/wp\/v2\/media\/353662"}],"wp:attachment":[{"href":"http:\/\/desarrollo.grupomedios.com\/futbol\/wp-json\/wp\/v2\/media?parent=353650"}],"wp:term":[{"taxonomy":"category","embeddable":true,"href":"http:\/\/desarrollo.grupomedios.com\/futbol\/wp-json\/wp\/v2\/categories?post=353650"},{"taxonomy":"post_tag","embeddable":true,"href":"http:\/\/desarrollo.grupomedios.com\/futbol\/wp-json\/wp\/v2\/tags?post=353650"}],"curies":[{"name":"wp","href":"https:\/\/api.w.org\/{rel}","templated":true}]}}