{"id":353668,"date":"2016-02-01T17:56:02","date_gmt":"2016-02-01T23:56:02","guid":{"rendered":"http:\/\/futboltotal.com.mx\/?p=353668"},"modified":"2016-02-01T17:56:02","modified_gmt":"2016-02-01T23:56:02","slug":"solo-si-messi-llama-habra-nuevo-fichaje-en-arsenal-wenger","status":"publish","type":"post","link":"http:\/\/desarrollo.grupomedios.com\/futbol\/videos\/solo-si-messi-llama-habra-nuevo-fichaje-en-arsenal-wenger\/2016\/02","title":{"rendered":"S\u00f3lo si Messi llama, habr\u00e1 nuevo fichaje en Arsenal"},"content":{"rendered":"<p>El estratega del <strong>Arsenal<\/strong>, <strong>Arsene Wenger<\/strong>, declar\u00f3 en conferencia de prensa, que dif\u00edcilmente habr\u00e1 nuevas incorporaciones en el equipo, durante el mercado de fichajes, pues este Invierno, ha sido muy tranquilo en cuanto a transferencias dentro del futbol europeo.<\/p>\n<p>Al respecto, <strong>Arsen Wenger<\/strong> brome\u00f3, sugiriendo que la \u00fanica manera en que <strong>Arsenal<\/strong> tendr\u00eda nuevo futbolista durante el mercado de fichajes actual, es que <strong>Lionel Messi<\/strong> llamara para integrarse al plantel; pues a un jugador de su categor\u00eda, no le podr\u00eda cerrar las puertas en el equipo que dirige, desde hace 20 a\u00f1os.<\/p>\n<p style=\"text-align: center;\"><span style=\"color: #3366ff;\"><strong><a style=\"color: #3366ff;\" href=\"http:\/\/futboltotal.com.mx\/2016\/02\/sigue-la-actualidad-de-los-fichajes-en-europa\/\" target=\"_blank\">LEER M\u00c1S: Sigue la actualidad de los fichajes en Europa<\/a><\/strong><\/span><\/p>\n<p><iframe loading=\"lazy\" src=\"https:\/\/www.youtube.com\/embed\/HzUhQsQFqro\" frameborder=\"0\" allowfullscreen=\"allowfullscreen\"><\/iframe><\/p>\n","protected":false},"excerpt":{"rendered":"<p>Arsene Wenger bromea sobre el r\u00e9gimen de transferencias en Europa<\/p>\n","protected":false},"author":20,"featured_media":353672,"comment_status":"closed","ping_status":"closed","sticky":false,"template":"","format":"standard","meta":[],"categories":[3839,3846,4],"tags":[6044,2177,2830,6012],"_links":{"self":[{"href":"http:\/\/desarrollo.grupomedios.com\/futbol\/wp-json\/wp\/v2\/posts\/353668"}],"collection":[{"href":"http:\/\/desarrollo.grupomedios.com\/futbol\/wp-json\/wp\/v2\/posts"}],"about":[{"href":"http:\/\/desarrollo.grupomedios.com\/futbol\/wp-json\/wp\/v2\/types\/post"}],"author":[{"embeddable":true,"href":"http:\/\/desarrollo.grupomedios.com\/futbol\/wp-json\/wp\/v2\/users\/20"}],"replies":[{"embeddable":true,"href":"http:\/\/desarrollo.grupomedios.com\/futbol\/wp-json\/wp\/v2\/comments?post=353668"}],"version-history":[{"count":0,"href":"http:\/\/desarrollo.grupomedios.com\/futbol\/wp-json\/wp\/v2\/posts\/353668\/revisions"}],"wp:featuredmedia":[{"embeddable":true,"href":"http:\/\/desarrollo.grupomedios.com\/futbol\/wp-json\/wp\/v2\/media\/353672"}],"wp:attachment":[{"href":"http:\/\/desarrollo.grupomedios.com\/futbol\/wp-json\/wp\/v2\/media?parent=353668"}],"wp:term":[{"taxonomy":"category","embeddable":true,"href":"http:\/\/desarrollo.grupomedios.com\/futbol\/wp-json\/wp\/v2\/categories?post=353668"},{"taxonomy":"post_tag","embeddable":true,"href":"http:\/\/desarrollo.grupomedios.com\/futbol\/wp-json\/wp\/v2\/tags?post=353668"}],"curies":[{"name":"wp","href":"https:\/\/api.w.org\/{rel}","templated":true}]}}