{"id":353718,"date":"2016-02-01T19:49:26","date_gmt":"2016-02-02T01:49:26","guid":{"rendered":"http:\/\/futboltotal.com.mx\/?p=353718"},"modified":"2016-02-01T19:52:36","modified_gmt":"2016-02-02T01:52:36","slug":"hijo-de-luis-fernando-tena-en-romance-presidencial","status":"publish","type":"post","link":"http:\/\/desarrollo.grupomedios.com\/futbol\/futbol-mexicano\/hijo-de-luis-fernando-tena-en-romance-presidencial\/2016\/02","title":{"rendered":"Hijo de Luis Fernando Tena, en romance presidencial"},"content":{"rendered":"<p>El nuevo director t\u00e9cnico del <a href=\"http:\/\/futboltotal.com.mx\/equipos\/leon\/\" target=\"_blank\">Le\u00f3n<\/a>, <strong>Luis Fernando Tena<\/strong>, no s\u00f3lo puede estar orgulloso de tener trabajo en una instituci\u00f3n como la de la <em>Fiera<\/em>, sino tambi\u00e9n por la relaci\u00f3n familiar que actualmente sostiene con el presidente de M\u00e9xico, <strong>Enrique Pe\u00f1a Nieto<\/strong>, pues su hijo y la heredera del ejecutivo federal, tienen una relaci\u00f3n sentimental.<\/p>\n<p><a href=\"http:\/\/futboltotal.com.mx\/wp-content\/uploads\/2016\/02\/hijo-de-luis-fernando-tena-y-paulina-pe\u00f1a-2.jpg\" rel=\"attachment wp-att-353722\"><img decoding=\"async\" loading=\"lazy\" src=\"http:\/\/futboltotal.com.mx\/wp-content\/uploads\/2016\/02\/hijo-de-luis-fernando-tena-y-paulina-pe\u00f1a-2.jpg\" alt=\"hijo-de-luis-fernando-tena-y-paulina-pe\u00f1a-2\" class=\"alignnone size-full wp-image-353722\" srcset=\"http:\/\/desarrollo.grupomedios.com\/futbol\/wp-content\/uploads\/2016\/02\/hijo-de-luis-fernando-tena-y-paulina-pe\u00f1a-2.jpg 584w, http:\/\/desarrollo.grupomedios.com\/futbol\/wp-content\/uploads\/2016\/02\/hijo-de-luis-fernando-tena-y-paulina-pe\u00f1a-2-300x185.jpg 300w\" sizes=\"(max-width: 584px) 100vw, 584px\" \/><\/a><\/p>\n<p><strong>Luis Fernando Tena Junior<\/strong>, es pareja de <strong>Paulina Pe\u00f1a Pretelini<\/strong>, su relaci\u00f3n lleva m\u00e1s de un a\u00f1o y ninguno de los dos lo oculta pues, recurrentemente publican a trav\u00e9s de su cuenta de Instagram, las fotos de ambos.<\/p>\n<p><a href=\"http:\/\/futboltotal.com.mx\/wp-content\/uploads\/2016\/02\/hijo-de-luis-fernando-tena-y-paulina-pe\u00f1a.jpg\" rel=\"attachment wp-att-353723\"><img decoding=\"async\" loading=\"lazy\" src=\"http:\/\/futboltotal.com.mx\/wp-content\/uploads\/2016\/02\/hijo-de-luis-fernando-tena-y-paulina-pe\u00f1a.jpg\" alt=\"hijo-de-luis-fernando-tena-y-paulina-pe\u00f1a\" class=\"alignnone size-full wp-image-353723\" srcset=\"http:\/\/desarrollo.grupomedios.com\/futbol\/wp-content\/uploads\/2016\/02\/hijo-de-luis-fernando-tena-y-paulina-pe\u00f1a.jpg 644w, http:\/\/desarrollo.grupomedios.com\/futbol\/wp-content\/uploads\/2016\/02\/hijo-de-luis-fernando-tena-y-paulina-pe\u00f1a-300x198.jpg 300w\" sizes=\"(max-width: 644px) 100vw, 644px\" \/><\/a><\/p>\n","protected":false},"excerpt":{"rendered":"<p>Tena Junior tiene relaci\u00f3n con la hija de Enrique Pe\u00f1a Nieto<\/p>\n","protected":false},"author":20,"featured_media":353724,"comment_status":"closed","ping_status":"closed","sticky":false,"template":"","format":"standard","meta":[],"categories":[5419,2198,5418],"tags":[5460,565],"_links":{"self":[{"href":"http:\/\/desarrollo.grupomedios.com\/futbol\/wp-json\/wp\/v2\/posts\/353718"}],"collection":[{"href":"http:\/\/desarrollo.grupomedios.com\/futbol\/wp-json\/wp\/v2\/posts"}],"about":[{"href":"http:\/\/desarrollo.grupomedios.com\/futbol\/wp-json\/wp\/v2\/types\/post"}],"author":[{"embeddable":true,"href":"http:\/\/desarrollo.grupomedios.com\/futbol\/wp-json\/wp\/v2\/users\/20"}],"replies":[{"embeddable":true,"href":"http:\/\/desarrollo.grupomedios.com\/futbol\/wp-json\/wp\/v2\/comments?post=353718"}],"version-history":[{"count":0,"href":"http:\/\/desarrollo.grupomedios.com\/futbol\/wp-json\/wp\/v2\/posts\/353718\/revisions"}],"wp:featuredmedia":[{"embeddable":true,"href":"http:\/\/desarrollo.grupomedios.com\/futbol\/wp-json\/wp\/v2\/media\/353724"}],"wp:attachment":[{"href":"http:\/\/desarrollo.grupomedios.com\/futbol\/wp-json\/wp\/v2\/media?parent=353718"}],"wp:term":[{"taxonomy":"category","embeddable":true,"href":"http:\/\/desarrollo.grupomedios.com\/futbol\/wp-json\/wp\/v2\/categories?post=353718"},{"taxonomy":"post_tag","embeddable":true,"href":"http:\/\/desarrollo.grupomedios.com\/futbol\/wp-json\/wp\/v2\/tags?post=353718"}],"curies":[{"name":"wp","href":"https:\/\/api.w.org\/{rel}","templated":true}]}}