{"id":353727,"date":"2016-02-01T20:28:11","date_gmt":"2016-02-02T02:28:11","guid":{"rendered":"http:\/\/futboltotal.com.mx\/?p=353727"},"modified":"2016-02-02T08:55:33","modified_gmt":"2016-02-02T14:55:33","slug":"guillermo-ochoa-se-queda-en-malaga-otro-semestre","status":"publish","type":"post","link":"http:\/\/desarrollo.grupomedios.com\/futbol\/destacado-home\/guillermo-ochoa-se-queda-en-malaga-otro-semestre\/2016\/02","title":{"rendered":"Guillermo Ochoa se queda en M\u00e1laga, otro semestre"},"content":{"rendered":"<p>Este lunes 1 de febrero, el mercado de fichajes de invierno en Europa concluy\u00f3, al menos en los pa\u00edses m\u00e1s importantes, como Espa\u00f1a, Inglaterra, Italia, Francia y Alemania; por lo que<strong> Guillermo Ochoa<\/strong>, al no encontrar equipo, en el Viejo Continente, tendr\u00e1 que permanecer con el<strong> M\u00e1laga<\/strong>.<\/p>\n<p><strong>Guillermo Ochoa<\/strong> ha tenido escasa actividad con el <strong>M\u00e1laga<\/strong>, desde que fue fichado por el club espa\u00f1ol en 2014, pues Carlos Kameni ha sido un duro rival para \u00e9l en la puerta del conjunto ib\u00e9rico, adem\u00e1s de que Javi Gracia, estratega del equipo, no ha considerado al mexicano, como posibilidad seria en la caba\u00f1a del conjunto <em>albiceleste<\/em>.<\/p>\n<p>Por ello se rumor\u00f3, que <strong>Guillermo Ochoa<\/strong> emigrar\u00eda de club durante el r\u00e9gimen de transferencias de Invierno de la actual temporada; e inclusive, era ubicado en varios equipos de Francia, como Bordeaux, Tolouse y Stade de Reims, pero al final, el cancerbero no encontr\u00f3 equipo.<\/p>\n<p style=\"text-align: center;\"><strong><span style=\"color: #3366ff;\"><a style=\"color: #3366ff;\" href=\"http:\/\/futboltotal.com.mx\/2016\/02\/sigue-la-actualidad-de-los-fichajes-en-europa\/\" target=\"_blank\">LEER M\u00c1S: Concluye el mercado de fichajes en Europa<\/a><\/span><\/strong><\/p>\n<p>Y la situaci\u00f3n de <strong>Guillermo Ochoa<\/strong> parece que no cambiar\u00e1, pues Javi Gracia est\u00e1 contento con el trabajo de Carlos Kameni en el <strong>M\u00e1laga<\/strong> y lo ha demostrado durante toda su estancia en el banquillo <em>albiceleste<\/em>, que se remonta al tiempo en que el cancerbero mexicano lleg\u00f3 al equipo.<\/p>\n<p>Por eso el regreso de <strong>Guillermo Ochoa<\/strong> a M\u00e9xico parece el m\u00e1s indicado, y al parecer el Am\u00e9rica, est\u00e1 sumamente interesado en que el portero regrese a su casa, para luchar por un t\u00edtulo, en el a\u00f1o del centenario del club.<\/p>\n<p style=\"text-align: center;\"><strong><span style=\"color: #3366ff;\"><a style=\"color: #3366ff;\" href=\"http:\/\/futboltotal.com.mx\/2016\/02\/memo-ochoa-refuerzo-centenario-del-america\/\" target=\"_blank\">LEER M\u00c1S: Memo Ochoa llegar\u00eda al Am\u00e9rica<\/a><\/span><\/strong><\/p>\n","protected":false},"excerpt":{"rendered":"<p>Por lo menos hasta el verano, el mexicano permanecer\u00e1 en Espa\u00f1a<\/p>\n","protected":false},"author":20,"featured_media":353733,"comment_status":"closed","ping_status":"closed","sticky":false,"template":"","format":"standard","meta":[],"categories":[5,3839,3844],"tags":[5991,306],"_links":{"self":[{"href":"http:\/\/desarrollo.grupomedios.com\/futbol\/wp-json\/wp\/v2\/posts\/353727"}],"collection":[{"href":"http:\/\/desarrollo.grupomedios.com\/futbol\/wp-json\/wp\/v2\/posts"}],"about":[{"href":"http:\/\/desarrollo.grupomedios.com\/futbol\/wp-json\/wp\/v2\/types\/post"}],"author":[{"embeddable":true,"href":"http:\/\/desarrollo.grupomedios.com\/futbol\/wp-json\/wp\/v2\/users\/20"}],"replies":[{"embeddable":true,"href":"http:\/\/desarrollo.grupomedios.com\/futbol\/wp-json\/wp\/v2\/comments?post=353727"}],"version-history":[{"count":0,"href":"http:\/\/desarrollo.grupomedios.com\/futbol\/wp-json\/wp\/v2\/posts\/353727\/revisions"}],"wp:featuredmedia":[{"embeddable":true,"href":"http:\/\/desarrollo.grupomedios.com\/futbol\/wp-json\/wp\/v2\/media\/353733"}],"wp:attachment":[{"href":"http:\/\/desarrollo.grupomedios.com\/futbol\/wp-json\/wp\/v2\/media?parent=353727"}],"wp:term":[{"taxonomy":"category","embeddable":true,"href":"http:\/\/desarrollo.grupomedios.com\/futbol\/wp-json\/wp\/v2\/categories?post=353727"},{"taxonomy":"post_tag","embeddable":true,"href":"http:\/\/desarrollo.grupomedios.com\/futbol\/wp-json\/wp\/v2\/tags?post=353727"}],"curies":[{"name":"wp","href":"https:\/\/api.w.org\/{rel}","templated":true}]}}