{"id":353892,"date":"2016-02-02T15:47:22","date_gmt":"2016-02-02T21:47:22","guid":{"rendered":"http:\/\/futboltotal.com.mx\/?p=353892"},"modified":"2016-02-10T15:38:48","modified_gmt":"2016-02-10T21:38:48","slug":"jackson-martinez-va-al-futbol-de-china","status":"publish","type":"post","link":"http:\/\/desarrollo.grupomedios.com\/futbol\/futbol-internacional\/jackson-martinez-va-al-futbol-de-china\/2016\/02","title":{"rendered":"\u00a1Jackson Mart\u00ednez va al futbol de China!"},"content":{"rendered":"<p>La aventura de <strong>Jackson Mart\u00ednez<\/strong> con el <strong>Atl\u00e9tico de Madrid<\/strong> tan solo dur\u00f3 un semestre. Y es que en las \u00faltimas horas se dio a conocer que el delantero colombiano fue vendido por el cuadro colchonero por 42 millones de euros al <strong>Guangzhou Evergrande<\/strong> de <strong>China<\/strong>.<\/p>\n<p>Por la ma\u00f1ana, medios espa\u00f1oles\u00a0apuntaban que\u00a0dirigentes del <strong>Atl\u00e9tico de Madrid<\/strong>\u00a0estaba reunidos con Jorge Mendes, representante de <strong>Jackson Mart\u00ednez<\/strong>, para cerrar el traspaso del colombiano al futbol de China, que cierra su periodo de transferencias hasta el 26 de febrero.<\/p>\n<p style=\"text-align: center;\"><span style=\"color: #3366ff;\"><strong><a style=\"color: #3366ff;\" href=\"http:\/\/futboltotal.com.mx\/2016\/01\/jackson-martinez-atraviesa-su-peor-momento-goleador\/\">LEER M\u00c1S: &#8220;Juego peor que nunca&#8221;: Jackson Mart\u00ednez<\/a><\/strong><\/span><\/p>\n<p>Horas despu\u00e9s, el propio club chino <strong>Guangzhou Evergrande<\/strong> confirm\u00f3 la contrataci\u00f3n del atacante c<em>afetalero\u00a0<\/em>a trav\u00e9s de su cuenta de Twitter.<\/p>\n<blockquote class=\"twitter-tweet\" data-lang=\"es\">\n<p dir=\"ltr\" lang=\"zh\">\u6770\u514b\u900a\u2022\u9a6c\u4e01\u5185\u65af <a href=\"https:\/\/twitter.com\/JacksonMartinez\">@JacksonMartinez<\/a> \u6b63\u5f0f\u52a0\u76df\u5e7f\u5dde\u961f \u3002 <a href=\"https:\/\/twitter.com\/hashtag\/%E9%A9%AC%E5%88%B0%E6%88%90%E5%8A%9F?src=hash\">#\u9a6c\u5230\u6210\u529f<\/a> <a href=\"https:\/\/twitter.com\/hashtag\/%E5%B9%BF%E5%B7%9E?src=hash\">#\u5e7f\u5dde<\/a> <a href=\"https:\/\/twitter.com\/hashtag\/%E6%81%92%E5%A4%A7?src=hash\">#\u6052\u5927<\/a> <a href=\"https:\/\/t.co\/wK80yenJPq\">pic.twitter.com\/wK80yenJPq<\/a><\/p>\n<p>\u2014 GZ Evergrande FC (@GZEvergrandeFC) <a href=\"https:\/\/twitter.com\/GZEvergrandeFC\/status\/694681658084061185\">febrero 3, 2016<\/a><\/p><\/blockquote>\n<p><script src=\"\/\/platform.twitter.com\/widgets.js\" async=\"\" charset=\"utf-8\"><\/script><\/p>\n<p><strong>Jackson Mart\u00ednez<\/strong>\u00a0arrib\u00f3 a\u00a0la entidad <em>colchonera<\/em>, en el pasado\u00a0verano procedente del Porto,\u00a0con un costal repleto\u00a0de goles en su espalda. Sus n\u00fameros con los <em>Dragones<\/em>\u00a0en sus tres temporadas fueron impresionantes: 31 anotaciones\u00a0en el primer a\u00f1o, 29 para su segundo ciclo y 32 en su \u00faltima campa\u00f1a.<\/p>\n<p>Los n\u00fameros conquistaron al\u00a0<em>Cholo<\/em>\u00a0Simeone, quien\u00a0orden\u00f3 a la directiva del <strong>Atl\u00e9tico de Madrid<\/strong>\u00a0su compra, que al final represent\u00f3\u00a0una inversi\u00f3n\u00a0may\u00fascula: 35 millones de euros, segunda compra m\u00e1s cara en la historia del club <em>rojiblanco<\/em>.<\/p>\n<p><span style=\"color: #ff0000;\"><strong>VIDEO:<\/strong> Descubre la patri\u00f3tica\u00a0historia del jersey del PSG<\/span><\/p>\n<p>[video_player]https:\/\/player.vimeo.com\/external\/151435810.hd.mp4?s=ac15a59cfef77f48f69ccb76346d8324348ad2c0&amp;profile_id=113[\/video_player]<\/p>\n","protected":false},"excerpt":{"rendered":"<p>El colombiano fue vendido por el Atl\u00e9tico por 42 MDE<\/p>\n","protected":false},"author":20,"featured_media":354007,"comment_status":"closed","ping_status":"closed","sticky":false,"template":"","format":"standard","meta":[],"categories":[3839,3844,5951],"tags":[6007,6039],"_links":{"self":[{"href":"http:\/\/desarrollo.grupomedios.com\/futbol\/wp-json\/wp\/v2\/posts\/353892"}],"collection":[{"href":"http:\/\/desarrollo.grupomedios.com\/futbol\/wp-json\/wp\/v2\/posts"}],"about":[{"href":"http:\/\/desarrollo.grupomedios.com\/futbol\/wp-json\/wp\/v2\/types\/post"}],"author":[{"embeddable":true,"href":"http:\/\/desarrollo.grupomedios.com\/futbol\/wp-json\/wp\/v2\/users\/20"}],"replies":[{"embeddable":true,"href":"http:\/\/desarrollo.grupomedios.com\/futbol\/wp-json\/wp\/v2\/comments?post=353892"}],"version-history":[{"count":0,"href":"http:\/\/desarrollo.grupomedios.com\/futbol\/wp-json\/wp\/v2\/posts\/353892\/revisions"}],"wp:featuredmedia":[{"embeddable":true,"href":"http:\/\/desarrollo.grupomedios.com\/futbol\/wp-json\/wp\/v2\/media\/354007"}],"wp:attachment":[{"href":"http:\/\/desarrollo.grupomedios.com\/futbol\/wp-json\/wp\/v2\/media?parent=353892"}],"wp:term":[{"taxonomy":"category","embeddable":true,"href":"http:\/\/desarrollo.grupomedios.com\/futbol\/wp-json\/wp\/v2\/categories?post=353892"},{"taxonomy":"post_tag","embeddable":true,"href":"http:\/\/desarrollo.grupomedios.com\/futbol\/wp-json\/wp\/v2\/tags?post=353892"}],"curies":[{"name":"wp","href":"https:\/\/api.w.org\/{rel}","templated":true}]}}