{"id":353905,"date":"2016-02-02T16:27:43","date_gmt":"2016-02-02T22:27:43","guid":{"rendered":"http:\/\/futboltotal.com.mx\/?p=353905"},"modified":"2016-02-02T20:46:21","modified_gmt":"2016-02-03T02:46:21","slug":"los-5-cracks-mas-deseados-para-el-verano","status":"publish","type":"post","link":"http:\/\/desarrollo.grupomedios.com\/futbol\/futbol-internacional\/los-5-cracks-mas-deseados-para-el-verano\/2016\/02","title":{"rendered":"Los 5 cracks m\u00e1s deseados para el verano"},"content":{"rendered":"<p>Culmin\u00f3 el <a href=\"http:\/\/futboltotal.com.mx\/2016\/02\/sigue-la-actualidad-de-los-fichajes-en-europa\/\"><strong><span style=\"color: #3366ff;\">periodo de transferencias en Europ<\/span><span style=\"color: #3366ff;\">a<\/span><\/strong><\/a> sin muchos reflectores y escasos movimientos podr\u00edan ser catalogados como bombazos. Esa situaci\u00f3n es atractiva\u00a0de cara al verano, pues habr\u00e1 varios cracks que vislumbran un posible cambio de aires. Las razones son varias, desde cambios de entrenador en la plantilla, presente brillante y propuestas ilusionantes.<\/p>\n<p>Futbol Total destaca a 5 futbolistas que son deseados por varias instituciones entre los que sobresalen dos goleadores de la Bundesliga, Chicharito y Lewandowski, adem\u00e1s de cracks muy del agrado de Zidane como Paul Pogba y Eden Hazard. El cat\u00e1logo se completa con Paulo Dybala, un chico que de acuerdo a Messi su &#8220;futuro ser\u00e1 brillante&#8221;.<\/p>\n<p>(*Contenido interactivo. Pulsa sobre los botones rojos para desplegar m\u00e1s informaci\u00f3n).<\/p>\n<p><strong><img decoding=\"async\" class=\"alwaysThinglink aligncenter\" style=\"max-width: 100%;\" src=\"\/\/cdn.thinglink.me\/api\/image\/751184429304512513\/1024\/10\/scaletowidth#tl-751184429304512513;1043138249'\" alt=\"Los 5 cracks m\u00e1s deseados para el verano 0\" \/><script src=\"\/\/cdn.thinglink.me\/jse\/embed.js\" async=\"\" charset=\"utf-8\"><\/script><\/strong><\/p>\n<p style=\"text-align: center;\"><span style=\"color: #3366ff;\"><strong><a style=\"color: #3366ff;\" href=\"http:\/\/futboltotal.com.mx\/2016\/02\/chicharito-verdugo-del-bayern-munich\/\">LEER M\u00c1S: Chicharito, \u00bfverdugo del Bayern Munich?<\/a><\/strong><\/span><\/p>\n","protected":false},"excerpt":{"rendered":"<p>El mercado de piernas finaliz\u00f3 pero hay negociaciones que se ir\u00e1n encaminando<\/p>\n","protected":false},"author":20,"featured_media":353912,"comment_status":"closed","ping_status":"closed","sticky":false,"template":"","format":"standard","meta":[],"categories":[3839,5951],"tags":[120,4514,6058,6104,6669,6038],"_links":{"self":[{"href":"http:\/\/desarrollo.grupomedios.com\/futbol\/wp-json\/wp\/v2\/posts\/353905"}],"collection":[{"href":"http:\/\/desarrollo.grupomedios.com\/futbol\/wp-json\/wp\/v2\/posts"}],"about":[{"href":"http:\/\/desarrollo.grupomedios.com\/futbol\/wp-json\/wp\/v2\/types\/post"}],"author":[{"embeddable":true,"href":"http:\/\/desarrollo.grupomedios.com\/futbol\/wp-json\/wp\/v2\/users\/20"}],"replies":[{"embeddable":true,"href":"http:\/\/desarrollo.grupomedios.com\/futbol\/wp-json\/wp\/v2\/comments?post=353905"}],"version-history":[{"count":0,"href":"http:\/\/desarrollo.grupomedios.com\/futbol\/wp-json\/wp\/v2\/posts\/353905\/revisions"}],"wp:featuredmedia":[{"embeddable":true,"href":"http:\/\/desarrollo.grupomedios.com\/futbol\/wp-json\/wp\/v2\/media\/353912"}],"wp:attachment":[{"href":"http:\/\/desarrollo.grupomedios.com\/futbol\/wp-json\/wp\/v2\/media?parent=353905"}],"wp:term":[{"taxonomy":"category","embeddable":true,"href":"http:\/\/desarrollo.grupomedios.com\/futbol\/wp-json\/wp\/v2\/categories?post=353905"},{"taxonomy":"post_tag","embeddable":true,"href":"http:\/\/desarrollo.grupomedios.com\/futbol\/wp-json\/wp\/v2\/tags?post=353905"}],"curies":[{"name":"wp","href":"https:\/\/api.w.org\/{rel}","templated":true}]}}