{"id":353922,"date":"2016-02-02T18:19:07","date_gmt":"2016-02-03T00:19:07","guid":{"rendered":"http:\/\/futboltotal.com.mx\/?p=353922"},"modified":"2016-02-02T19:25:57","modified_gmt":"2016-02-03T01:25:57","slug":"guardiola-en-el-city-lo-que-viene","status":"publish","type":"post","link":"http:\/\/desarrollo.grupomedios.com\/futbol\/futbol-internacional\/guardiola-en-el-city-lo-que-viene\/2016\/02","title":{"rendered":"Guardiola en el Manchester City: lo que viene"},"content":{"rendered":"<p>El lunes 1 de febrero el <strong>Manchester City<\/strong> decidi\u00f3 oficializar el rumor que llevaba d\u00edas dando vueltas en el mundo del futbol: <a href=\"http:\/\/futboltotal.com.mx\/2016\/02\/guardiola-proximo-dt-del-manchester-city\/\" target=\"_blank\"><strong>Josep Guardiola<\/strong> ser\u00e1 el entrenador del equipo a partir de la campa\u00f1a 2016-17<\/a>.<\/p>\n<p>Las reacciones a esta confirmaci\u00f3n no se han hecho esperar; incluso <a href=\"http:\/\/futboltotal.com.mx\/2016\/02\/ferdinand-triste-por-llegada-de-guardiola-al-manchester-city\/\" target=\"_blank\">Rio Ferdinand hizo p\u00fablico su desagrado por la llegada de <em>Pep<\/em> a los <em>Citizens<\/em><\/a>. Sin embargo, m\u00e1s all\u00e1 del criterio con el que se califique la llegada del catal\u00e1n al <strong>Manchester City<\/strong>, hay varias consideraciones que dar\u00e1n un inter\u00e9s especial a su presencia en Inglaterra.<\/p>\n<p><span style=\"color: #800000;\"><strong>El club de los tres<\/strong><\/span>\u00a0| Viendo las estad\u00edsticas y el historial de <strong>Pep Guardiola<\/strong>, una de las primeras cuestiones que saltan es si a los t\u00edtulos de liga que tiene en Espa\u00f1a y Alemania a\u00f1adir\u00e1 el de Inglaterra para unirse as\u00ed al selecto grupo de entrenadores que han conseguido la corona en tres pa\u00edses europeos distintos, que integran t\u00e9cnicos como Carlo Ancelotti (campe\u00f3n de Italia con el Mil\u00e1n, de Inglaterra con el Chelsea y de Francia con el PSG) y Louis van Gaal (se coron\u00f3 en Holanda con Ajax y AZ, en Espa\u00f1a con el Barcelona y en Alemania con el Bayern M\u00fanich).<\/p>\n<p style=\"text-align: center;\"><span style=\"color: #3366ff;\"><strong><a style=\"color: #3366ff;\" href=\"http:\/\/futboltotal.com.mx\/2016\/02\/guardiola-podria-llevar-a-un-mexicano-para-el-manchester-city\/\">LEER M\u00c1S: \u00bfHerrera, opci\u00f3n para reforzar al City de Guardiola?<\/a><\/strong><\/span><\/p>\n<p>Adem\u00e1s, el catal\u00e1n tendr\u00e1 el reto extra de mantener la racha de ganar la liga en su temporada debut con un club, tal como hizo con el <em>Bar\u00e7a<\/em> (2008-09) y Bayern (2013-14).<\/p>\n<p><span style=\"color: #800000;\"><strong>Una Champions no <\/strong><\/span><em><span style=\"color: #800000;\"><strong>Blaugrana<\/strong><\/span> |\u00a0<\/em>Cuando <em>Pep<\/em> se hizo cargo del Bayern, el equipo ven\u00eda de una campa\u00f1a en la que, con <em>Jupp<\/em> Heynckes al mando, gan\u00f3 la quinta <em>Champions<\/em> en su historia. Aunque el dominio del equipo en la Bundesliga ha sido abrumador con <strong>Pep Guardiola<\/strong> -gan\u00f3 las dos primeras ligas que ha disputado con el club y marcha con firmeza a la conquista de la tercera-, en la m\u00e1xima justa de clubes de Europa\u00a0no ha tenido el \u00e9xito deseado y se ha quedado en semifinales en sus dos intentos.<\/p>\n<p>Si no conquista la <em>Champions<\/em>\u00a0en el ciclo 2015-16 con el Bayern Munich, la llegada de <strong>Guardiola<\/strong> a Inglaterra le plantear\u00e1 el reto de obtener su primera <em>Champions<\/em> fuera del Barcelona, con el que gan\u00f3 las de 2008-09 y 2010-11.<\/p>\n<p style=\"text-align: center;\"><span style=\"color: #3366ff;\"><strong><a style=\"color: #3366ff;\" href=\"http:\/\/futboltotal.com.mx\/2016\/02\/guardiola-concreto-primer-fichaje-del-manchester-city-en-2015\/\">LEER M\u00c1S: Guardiola concret\u00f3 primer fichaje del City\u2026 \u00a1en 2015!<\/a><\/strong><\/span><\/p>\n<p><span style=\"color: #800000;\"><strong>Su cuadro m\u00e1s internacional<\/strong><\/span> |\u00a0Contrario a lo sucedido en sus dos clubes previos, <strong>Pep Guardiola<\/strong>\u00a0encontrar\u00e1 en el <strong>Manchester\u00a0City<\/strong> un equipo cuya base de titulares es de nacionalidad distinta a la del campeonato en el que compiten.<\/p>\n<p>En el Barcelona no solo ten\u00eda un once tipo compuesto en su mayor\u00eda por espa\u00f1oles, sino que adem\u00e1s eran casi todos surgidos de su cantera; como muestra, en la Final de la <em>Champions<\/em> 2008-09, seis integrantes del equipo titular eran espa\u00f1oles y siete surgidos de La Mas\u00eda. Y aunque el ciclo 2015-16 su Bayern solo tiene a cuatro jugadores alemanes entre los 11 m\u00e1s regulares en la liga, en las dos campa\u00f1as anteriores su base titular ten\u00eda a seis (2014-15) y siete (2013-14) alemanes.<\/p>\n<p>En esta campa\u00f1a, el <strong>Manchester\u00a0City<\/strong> apenas tiene a Joe Hart y Raheem Sterling entre sus futbolistas con m\u00e1s actividad. Habr\u00e1 que ver si el de Santpedor le da una identidad inglesa a los <em>Sky Blues<\/em> o mantiene el sello global que el equipo tiene hoy.<\/p>\n<p style=\"text-align: center;\"><span style=\"color: #3366ff;\"><strong><a style=\"color: #3366ff;\" href=\"http:\/\/futboltotal.com.mx\/2016\/02\/el-dia-que-guardiola-se-enamoro-de-un-mexicano-2\/\">LEER M\u00c1S: El d\u00eda que Guardiola se enamor\u00f3 de un mexicano<\/a><\/strong><\/span><\/p>\n<p><span style=\"color: #800000;\"><strong>Choque cultural<\/strong><\/span> |\u00a0El estilo <strong>Guardiola<\/strong> se distingue en buena medida por el control del bal\u00f3n, que suele generar amplias diferencias entre su porcentaje de posesi\u00f3n y el del rival;\u00a0envolver al rival por medio del tr\u00e1nsito de la misma es una forma burda de definirlo, pero cercana a la verdad.<\/p>\n<p>En Inglaterra -salvo excepciones, como el Arsenal- se practica un juego m\u00e1s f\u00edsico. El periodista ingl\u00e9s John Carlin hablaba hace poco en <em>El Pa\u00eds<\/em> de las diferencias sustanciales entre el balompi\u00e9 ib\u00e9rico (el que practica <em>Pep<\/em> conoce) y el ingl\u00e9s (el que est\u00e1 por vivir). En el texto, Michael Robinson -quien jug\u00f3 en ambas ligas y hoy es analista- opina: \u201cEn Inglaterra el punto de partida es que hay que frenar al otro equipo\u201d. <strong>Guardiola<\/strong>, por el contrario, da prioridad a la creaci\u00f3n; lo que resulte de su llegada a un entorno opuesto ser\u00e1 cuando menos interesante.<\/p>\n<p><span style=\"color: #800000;\"><strong>\u00bfOtro trienio?<\/strong><\/span> |\u00a0El misterio que tardar\u00e1 m\u00e1s tiempo en develarse es el de la permanencia del catal\u00e1n con el que ser\u00e1 su tercer club como entrenador. Hasta hoy, ha dirigido durante solo tres temporadas a cada equipo.<\/p>\n<p style=\"text-align: center;\"><span style=\"color: #3366ff;\"><strong><a style=\"color: #3366ff;\" href=\"http:\/\/futboltotal.com.mx\/2016\/02\/guardiola-sera-el-dt-mejor-pagado-del-mundo\/\">LEER M\u00c1S: Guardiola ser\u00e1 el DT mejor pagado del mundo<\/a><\/strong><\/span><\/p>\n<p>Sea por el desgaste natural que un grupo de trabajo sufre en ese lapso, por la b\u00fasqueda de nuevos retos o por una combinaci\u00f3n de ambos factores, los ciclos de <strong>Pep Guardiola<\/strong>\u00a0solo han durado tres a\u00f1os, sin importar lo exitosos que resultaron: en Barcelona se fue por todo lo alto, con el club como monarca local y continental. Hoy, tiene al Bayern en un camino que parece despejado para ganar su tercera liga en fila bajo sus \u00f3rdenes y est\u00e1 vivo en <em>Champions<\/em> y <em>Pokal<\/em>.<\/p>\n<p>La campa\u00f1a 2016-17 comenzar\u00e1 a delinear lo que le depare a Josep en Manchester.<\/p>\n","protected":false},"excerpt":{"rendered":"<p>Los puntos que dar\u00e1n un inter\u00e9s especial a su presencia en Inglaterra<\/p>\n","protected":false},"author":20,"featured_media":353955,"comment_status":"closed","ping_status":"closed","sticky":false,"template":"","format":"standard","meta":[],"categories":[3839,3846,5951],"tags":[2510,5993,1791],"_links":{"self":[{"href":"http:\/\/desarrollo.grupomedios.com\/futbol\/wp-json\/wp\/v2\/posts\/353922"}],"collection":[{"href":"http:\/\/desarrollo.grupomedios.com\/futbol\/wp-json\/wp\/v2\/posts"}],"about":[{"href":"http:\/\/desarrollo.grupomedios.com\/futbol\/wp-json\/wp\/v2\/types\/post"}],"author":[{"embeddable":true,"href":"http:\/\/desarrollo.grupomedios.com\/futbol\/wp-json\/wp\/v2\/users\/20"}],"replies":[{"embeddable":true,"href":"http:\/\/desarrollo.grupomedios.com\/futbol\/wp-json\/wp\/v2\/comments?post=353922"}],"version-history":[{"count":0,"href":"http:\/\/desarrollo.grupomedios.com\/futbol\/wp-json\/wp\/v2\/posts\/353922\/revisions"}],"wp:featuredmedia":[{"embeddable":true,"href":"http:\/\/desarrollo.grupomedios.com\/futbol\/wp-json\/wp\/v2\/media\/353955"}],"wp:attachment":[{"href":"http:\/\/desarrollo.grupomedios.com\/futbol\/wp-json\/wp\/v2\/media?parent=353922"}],"wp:term":[{"taxonomy":"category","embeddable":true,"href":"http:\/\/desarrollo.grupomedios.com\/futbol\/wp-json\/wp\/v2\/categories?post=353922"},{"taxonomy":"post_tag","embeddable":true,"href":"http:\/\/desarrollo.grupomedios.com\/futbol\/wp-json\/wp\/v2\/tags?post=353922"}],"curies":[{"name":"wp","href":"https:\/\/api.w.org\/{rel}","templated":true}]}}