{"id":354057,"date":"2016-02-02T22:58:02","date_gmt":"2016-02-03T04:58:02","guid":{"rendered":"http:\/\/futboltotal.com.mx\/?p=354057"},"modified":"2016-02-03T12:11:49","modified_gmt":"2016-02-03T18:11:49","slug":"cruz-azul-desperdicia-ventaja-ante-atlante-en-copa-mx","status":"publish","type":"post","link":"http:\/\/desarrollo.grupomedios.com\/futbol\/futbol-mexicano\/cruz-azul-desperdicia-ventaja-ante-atlante-en-copa-mx\/2016\/02","title":{"rendered":"Atlante dio &#8216;Guerr\u00f3n&#8217; y sac\u00f3 el empate ante Cruz Azul"},"content":{"rendered":"<p><strong>Cruz Azul<\/strong> sigue mostrando una buena versi\u00f3n, animada y con responsabilidad ofensiva. Eso se not\u00f3 con los hombres que mand\u00f3 Tom\u00e1s Boy al campo con Vuoso y Guerr\u00f3n en ataque, acompa\u00f1ados por V\u00edctor V\u00e1zquez y Chaco Gim\u00e9nez, todo un lujo para los locales.<\/p>\n<p>El anfitri\u00f3n empez\u00f3 punzante y fall\u00f3 varias oportunidades antes de que pasaran los primeros 10 minutos del partido, una de ellas bastante clara en mano a mano del espa\u00f1o V\u00edctor V\u00e1zquez que desperdici\u00f3 mandando a la blanquita a un lado. La presi\u00f3n de<strong> Cruz Azul<\/strong> hizo efecto de manera r\u00e1pida y gener\u00f3 un penal para el local. Joffre Guerr\u00f3n no dud\u00f3 y solicit\u00f3 la redonda para cobrar el penalti, celebrando instantes des\u00fa\u00e9s el primer gol para <em>La M\u00e1quina<\/em> al minuto 11.<\/p>\n<p>Pero el gol no result\u00f3 buena noticia para Cruz Azul que perdi\u00f3 de manera repentina el control del juego y Atlante \u00a0gozaba de oportunidades en el arco de Allison aunque con nula eficacia. As\u00ed fue que lleg\u00f3 el empate, tras el insistir del <em>Potro<\/em>, Cauich firm\u00f3 en una estupenda definici\u00f3n el equilibrio, luego de enga\u00f1ar a Allison y definir con la\u00a0diestra al lado contrario. El descanso lleg\u00f3 y <em>La M\u00e1quina<\/em> gener\u00f3 cambios que provocaron un declive en su accionar tras la salida de Chaco y Guerr\u00f3n para el complemento.<\/p>\n<p><iframe loading=\"lazy\" src=\"https:\/\/www.youtube.com\/embed\/X8RLWJNh93A\" frameborder=\"0\" allowfullscreen=\"allowfullscreen\"><\/iframe><\/p>\n<p>Para la segunda parte hubo pocas cosas que relatar, lo que no falt\u00f3 fue el error arbitral, que impidi\u00f3 el segundo gol de Cruz Azul en un fuera de lugar mal sancionado que evit\u00f3 el tanto del triunfo para los pupilos de Tom\u00e1s Boy.<\/p>\n<blockquote class=\"twitter-tweet\" data-lang=\"es\">\n<p dir=\"ltr\" lang=\"es\">As\u00ed los resultados de este martes dentro de la actividad de la <a href=\"https:\/\/twitter.com\/hashtag\/Llave2IDA?src=hash\">#Llave2IDA<\/a> de la <a href=\"https:\/\/twitter.com\/hashtag\/CopaCoronaMX?src=hash\">#CopaCoronaMX<\/a> ?<br \/>\n\u26bd\u26bd <a href=\"https:\/\/twitter.com\/hashtag\/SienteTuLiga?src=hash\">#SienteTuLiga<\/a> \u26bd\u26bd <a href=\"https:\/\/t.co\/WtT2jqOmhO\">pic.twitter.com\/WtT2jqOmhO<\/a><\/p>\n<p>\u2014 #CopaCoronaMX (@LaCopaMX) <a href=\"https:\/\/twitter.com\/LaCopaMX\/status\/694747031299031040\">febrero 3, 2016<\/a><\/p><\/blockquote>\n<p><script src=\"\/\/platform.twitter.com\/widgets.js\" async=\"\" charset=\"utf-8\"><\/script><\/p>\n<p style=\"text-align: center;\"><strong><span style=\"color: #3366ff;\"><a style=\"color: #3366ff;\" href=\"http:\/\/futboltotal.com.mx\/2016\/02\/en-vivo-cruz-azul-vs-atlante-copa-mx-2\/\">LEER M\u00c1S: As\u00ed se vivi\u00f3 Cruz Azul 1-1 Atlante.\u00a0<\/a><\/span><\/strong><\/p>\n","protected":false},"excerpt":{"rendered":"<p>La M\u00e1quina se dej\u00f3 empatar en la jugada previa al descanso <\/p>\n","protected":false},"author":20,"featured_media":354062,"comment_status":"closed","ping_status":"closed","sticky":false,"template":"","format":"standard","meta":[],"categories":[4247,2198,5950],"tags":[5960,285,5962],"_links":{"self":[{"href":"http:\/\/desarrollo.grupomedios.com\/futbol\/wp-json\/wp\/v2\/posts\/354057"}],"collection":[{"href":"http:\/\/desarrollo.grupomedios.com\/futbol\/wp-json\/wp\/v2\/posts"}],"about":[{"href":"http:\/\/desarrollo.grupomedios.com\/futbol\/wp-json\/wp\/v2\/types\/post"}],"author":[{"embeddable":true,"href":"http:\/\/desarrollo.grupomedios.com\/futbol\/wp-json\/wp\/v2\/users\/20"}],"replies":[{"embeddable":true,"href":"http:\/\/desarrollo.grupomedios.com\/futbol\/wp-json\/wp\/v2\/comments?post=354057"}],"version-history":[{"count":0,"href":"http:\/\/desarrollo.grupomedios.com\/futbol\/wp-json\/wp\/v2\/posts\/354057\/revisions"}],"wp:featuredmedia":[{"embeddable":true,"href":"http:\/\/desarrollo.grupomedios.com\/futbol\/wp-json\/wp\/v2\/media\/354062"}],"wp:attachment":[{"href":"http:\/\/desarrollo.grupomedios.com\/futbol\/wp-json\/wp\/v2\/media?parent=354057"}],"wp:term":[{"taxonomy":"category","embeddable":true,"href":"http:\/\/desarrollo.grupomedios.com\/futbol\/wp-json\/wp\/v2\/categories?post=354057"},{"taxonomy":"post_tag","embeddable":true,"href":"http:\/\/desarrollo.grupomedios.com\/futbol\/wp-json\/wp\/v2\/tags?post=354057"}],"curies":[{"name":"wp","href":"https:\/\/api.w.org\/{rel}","templated":true}]}}