{"id":354141,"date":"2016-02-03T13:06:07","date_gmt":"2016-02-03T19:06:07","guid":{"rendered":"http:\/\/futboltotal.com.mx\/?p=354141"},"modified":"2016-02-03T13:46:21","modified_gmt":"2016-02-03T19:46:21","slug":"pogba-y-dybala-los-herederos-de-la-juventus-turin","status":"publish","type":"post","link":"http:\/\/desarrollo.grupomedios.com\/futbol\/futbol-internacional\/pogba-y-dybala-los-herederos-de-la-juventus-turin\/2016\/02","title":{"rendered":"Pogba y Dybala, los herederos de Tur\u00edn"},"content":{"rendered":"<p>La<strong> Juventus<\/strong> tuvo un comienzo de temporada dif\u00edcil, pues no destacaba en los primeros lugares de la\u00a0Serie A y parec\u00eda que su hegemon\u00eda estaba por terminar. Ante la salida de jugadores de la talla de\u00a0Andrea Pirlo y Carlos T\u00e9vez, los de Tur\u00edn carec\u00edan de ideas y de la adaptaci\u00f3n de su nueva joya: <strong>Paulo\u00a0Dybala<\/strong>.<\/p>\n<p>El argentino lleg\u00f3 para portar el n\u00famero 21 que hab\u00eda dejado El Arquitecto y con ello ten\u00eda dos\u00a0misiones: destacar con el dorsal que hered\u00f3 a\u00a0Pirlo e igualar las actuaciones en la delantera de\u00a0Carlitos T\u00e9vez. El atacante argentino tambi\u00e9n cedi\u00f3 su camiseta y Paul Pogba tom\u00f3 el dorsal 10 que\u00a0portaba el ahora jugador de Boca Juniors.<\/p>\n<p>&#8220;El diez es un n\u00famero que siempre ha hecho so\u00f1ar. Pero solo puede llevarlo un jugador con determinadas caracter\u00edsticas, un fen\u00f3meno. Sobre todo si hablamos de la\u00a0Juventus&#8221;, manifest\u00f3 el Presidente de la Juve, Andrea Agnelli.<\/p>\n<p>Pero el jugador franc\u00e9s ya ha demostrado su calidad y se ha convertido en un estandarte de los dirigidos\u00a0por Massimiliano Allegri, en donde ya colabor\u00f3 con cuatro goles que se transformaron en 12 puntos\u00a0para <em>La Vecchia Signora<\/em>.<\/p>\n<p>Del otro lado, el argentino ha superado las expectativas con su accionar y es\u00a0un referente m\u00e1s al ataque. Apenas en la mitad de temporada ya ha marcado en 12 ocasiones y\u00a0colaborado con 28 de las 45 unidades que tienen los de Tur\u00edn, que los acercaron a la segunda posici\u00f3n\u00a0de la Serie A. &#8220;Esto muestra simplemente que Andrea ha dejado un poco de magia en el n\u00famero 21&#8221;,\u00a0dijo Paulo, despu\u00e9s de que lo halagaran con su t\u00e9cnica y aportaci\u00f3n al equipo.<\/p>\n<p><a href=\"http:\/\/futboltotal.com.mx\/wp-content\/uploads\/2016\/02\/Pogba-y-Dybala-herederos-en-la-Juventus.jpg\" rel=\"attachment wp-att-354148\"><img decoding=\"async\" loading=\"lazy\" class=\"alignnone size-full wp-image-354148\" src=\"http:\/\/futboltotal.com.mx\/wp-content\/uploads\/2016\/02\/Pogba-y-Dybala-herederos-en-la-Juventus.jpg\" alt=\"Pogba y Dybala, herederos en la Juventus\" srcset=\"http:\/\/desarrollo.grupomedios.com\/futbol\/wp-content\/uploads\/2016\/02\/Pogba-y-Dybala-herederos-en-la-Juventus.jpg 929w, http:\/\/desarrollo.grupomedios.com\/futbol\/wp-content\/uploads\/2016\/02\/Pogba-y-Dybala-herederos-en-la-Juventus-300x252.jpg 300w, http:\/\/desarrollo.grupomedios.com\/futbol\/wp-content\/uploads\/2016\/02\/Pogba-y-Dybala-herederos-en-la-Juventus-768x644.jpg 768w\" sizes=\"(max-width: 929px) 100vw, 929px\" \/><\/a><\/p>\n<p style=\"text-align: center;\"><span style=\"color: #3366ff;\"><strong><a style=\"color: #3366ff;\" href=\"http:\/\/futboltotal.com.mx\/2016\/01\/freestyler-le-pinta-la-cara-a-balotelli\/\">LEER M\u00c1S: Freestyler le pinta la cara a Balotelli.<\/a><\/strong><\/span><\/p>\n","protected":false},"excerpt":{"rendered":"<p>Los cracks del futuro mejoraron las estad\u00edsticas de Pirlo y T\u00e9vez  <\/p>\n","protected":false},"author":129,"featured_media":354144,"comment_status":"closed","ping_status":"closed","sticky":false,"template":"","format":"standard","meta":[],"categories":[3839,3848,5951],"tags":[6078,1741,5999,6104,6669],"_links":{"self":[{"href":"http:\/\/desarrollo.grupomedios.com\/futbol\/wp-json\/wp\/v2\/posts\/354141"}],"collection":[{"href":"http:\/\/desarrollo.grupomedios.com\/futbol\/wp-json\/wp\/v2\/posts"}],"about":[{"href":"http:\/\/desarrollo.grupomedios.com\/futbol\/wp-json\/wp\/v2\/types\/post"}],"author":[{"embeddable":true,"href":"http:\/\/desarrollo.grupomedios.com\/futbol\/wp-json\/wp\/v2\/users\/129"}],"replies":[{"embeddable":true,"href":"http:\/\/desarrollo.grupomedios.com\/futbol\/wp-json\/wp\/v2\/comments?post=354141"}],"version-history":[{"count":0,"href":"http:\/\/desarrollo.grupomedios.com\/futbol\/wp-json\/wp\/v2\/posts\/354141\/revisions"}],"wp:featuredmedia":[{"embeddable":true,"href":"http:\/\/desarrollo.grupomedios.com\/futbol\/wp-json\/wp\/v2\/media\/354144"}],"wp:attachment":[{"href":"http:\/\/desarrollo.grupomedios.com\/futbol\/wp-json\/wp\/v2\/media?parent=354141"}],"wp:term":[{"taxonomy":"category","embeddable":true,"href":"http:\/\/desarrollo.grupomedios.com\/futbol\/wp-json\/wp\/v2\/categories?post=354141"},{"taxonomy":"post_tag","embeddable":true,"href":"http:\/\/desarrollo.grupomedios.com\/futbol\/wp-json\/wp\/v2\/tags?post=354141"}],"curies":[{"name":"wp","href":"https:\/\/api.w.org\/{rel}","templated":true}]}}