{"id":354157,"date":"2016-02-03T14:01:58","date_gmt":"2016-02-03T20:01:58","guid":{"rendered":"http:\/\/futboltotal.com.mx\/?p=354157"},"modified":"2016-02-03T14:38:27","modified_gmt":"2016-02-03T20:38:27","slug":"alfredo-talavera-llegaria-al-america-en-el-verano","status":"publish","type":"post","link":"http:\/\/desarrollo.grupomedios.com\/futbol\/destacado-home\/alfredo-talavera-llegaria-al-america-en-el-verano\/2016\/02","title":{"rendered":"Alfredo Talavera llegar\u00eda al Am\u00e9rica en el verano"},"content":{"rendered":"<p>El portero del <a href=\"http:\/\/www.futboltotal.com.mx\/equipos\/america\/\" target=\"_blank\"><strong>Am\u00e9rica<\/strong><\/a>, Mois\u00e9s Mu\u00f1oz, podr\u00eda pasar su \u00faltima campa\u00f1a como cancerbero titular de las <em>\u00c1guilas<\/em> en este Clausura 2016, puesto que sus recientes faltas de concentraci\u00f3n le han costado puntos y hasta torneos al conjunto de Coapa, por lo que la directiva <em>azulcrema<\/em> tendr\u00eda en la mira al cancerbero del Toluca, <strong>Alfredo Talavera.<\/strong><\/p>\n<p>Fan\u00e1ticos y especialistas, ven a <strong>Alfredo Talavera<\/strong>, como el mejor portero de M\u00e9xico actualmente, raz\u00f3n por la que debe ser considerado, como el portero titular de la <a href=\"http:\/\/www.futboltotal.com.mx\/futbol-mexicano\/seleccion-mexicana\/\" target=\"_blank\">Selecci\u00f3n Mexicana<\/a>; pero adem\u00e1s, la celebraci\u00f3n centenaria del <strong>Am\u00e9rica<\/strong>, lo ubica como la mejor opci\u00f3n, para resguardar el arco azulcrema a partir del Apertura 2016.<\/p>\n<p><strong>Alfredo Talavera<\/strong> ser\u00eda una de las primeras grandes contrataciones que el <strong>Am\u00e9rica<\/strong> haga de cara a la celebraci\u00f3n de sus 100 a\u00f1os de existencia; y aunque algunos medios nacionales, como <em>Fox Sports<\/em>, ya ubican al cancerbero, en la mira del conjunto <em>azulcrema<\/em>, no hay que olvidar, que la directiva de Coapa tambi\u00e9n tendr\u00eda en la mira a otro guardameta de importancia: Guillermo Ochoa.<\/p>\n<p><strong>Am\u00e9rica<\/strong> ser\u00eda el perfecto salvavidas de Guillermo Ochoa con respecto a su falta de actividad en los \u00faltimos a\u00f1os, pero entonces, ahora la rivalidad por el marco del <em>Tri<\/em>, se traslada a las \u00c1guilas, donde nuevamente <em>Memo<\/em> y <strong>Alfredo Talavera<\/strong>, son competidores.<\/p>\n","protected":false},"excerpt":{"rendered":"<p>Lo buscar\u00edan a causa de la baja de juego de Mois\u00e9s Mu\u00f1oz<\/p>\n","protected":false},"author":20,"featured_media":354159,"comment_status":"closed","ping_status":"closed","sticky":false,"template":"","format":"standard","meta":[],"categories":[5,2198,3845],"tags":[1617,5959,64],"_links":{"self":[{"href":"http:\/\/desarrollo.grupomedios.com\/futbol\/wp-json\/wp\/v2\/posts\/354157"}],"collection":[{"href":"http:\/\/desarrollo.grupomedios.com\/futbol\/wp-json\/wp\/v2\/posts"}],"about":[{"href":"http:\/\/desarrollo.grupomedios.com\/futbol\/wp-json\/wp\/v2\/types\/post"}],"author":[{"embeddable":true,"href":"http:\/\/desarrollo.grupomedios.com\/futbol\/wp-json\/wp\/v2\/users\/20"}],"replies":[{"embeddable":true,"href":"http:\/\/desarrollo.grupomedios.com\/futbol\/wp-json\/wp\/v2\/comments?post=354157"}],"version-history":[{"count":0,"href":"http:\/\/desarrollo.grupomedios.com\/futbol\/wp-json\/wp\/v2\/posts\/354157\/revisions"}],"wp:featuredmedia":[{"embeddable":true,"href":"http:\/\/desarrollo.grupomedios.com\/futbol\/wp-json\/wp\/v2\/media\/354159"}],"wp:attachment":[{"href":"http:\/\/desarrollo.grupomedios.com\/futbol\/wp-json\/wp\/v2\/media?parent=354157"}],"wp:term":[{"taxonomy":"category","embeddable":true,"href":"http:\/\/desarrollo.grupomedios.com\/futbol\/wp-json\/wp\/v2\/categories?post=354157"},{"taxonomy":"post_tag","embeddable":true,"href":"http:\/\/desarrollo.grupomedios.com\/futbol\/wp-json\/wp\/v2\/tags?post=354157"}],"curies":[{"name":"wp","href":"https:\/\/api.w.org\/{rel}","templated":true}]}}