{"id":354418,"date":"2016-02-04T11:54:16","date_gmt":"2016-02-04T17:54:16","guid":{"rendered":"http:\/\/futboltotal.com.mx\/?p=354418"},"modified":"2016-02-04T11:54:16","modified_gmt":"2016-02-04T17:54:16","slug":"agenda-de-tv-mexicanos-en-europa","status":"publish","type":"post","link":"http:\/\/desarrollo.grupomedios.com\/futbol\/videos\/agenda-de-tv-mexicanos-en-europa\/2016\/02","title":{"rendered":"AGENDA de TV | Mexicanos en Europa"},"content":{"rendered":"<p>\u00a1Se acerca el fin de semana!\u00a0Y con ello, la posibilidad de ver a los\u00a0<strong>mexicanos en Europa<\/strong>\u00a0en acci\u00f3n,\u00a0en una nueva batalla por ser protagonistas de sus respectivos equipos.<\/p>\n<p>\u00bfCu\u00e1ndo juegan, contra qui\u00e9n, por qu\u00e9 canal y a qu\u00e9 hora? No te\u00a0preocupes, <em>crack<\/em>. Aqu\u00ed les dejamos la\u00a0<strong>Agenda<\/strong>\u00a0del fin de semana para que no se pierdan ning\u00fan detalle de los\u00a0<strong>mexicanos en Europa<\/strong>.<\/p>\n<p>[video_player]https:\/\/player.vimeo.com\/external\/154192468.hd.mp4?s=3d98fc704bc77b7ee790537e37fc804cfd8397bd&amp;profile_id=113[\/video_player]<\/p>\n","protected":false},"excerpt":{"rendered":"<p>\u00bfCu\u00e1ndo juegan, contra qui\u00e9n, por qu\u00e9 canal y a qu\u00e9 hora?<\/p>\n","protected":false},"author":20,"featured_media":354419,"comment_status":"closed","ping_status":"closed","sticky":false,"template":"","format":"standard","meta":[],"categories":[3839,6718,4],"tags":[4545],"_links":{"self":[{"href":"http:\/\/desarrollo.grupomedios.com\/futbol\/wp-json\/wp\/v2\/posts\/354418"}],"collection":[{"href":"http:\/\/desarrollo.grupomedios.com\/futbol\/wp-json\/wp\/v2\/posts"}],"about":[{"href":"http:\/\/desarrollo.grupomedios.com\/futbol\/wp-json\/wp\/v2\/types\/post"}],"author":[{"embeddable":true,"href":"http:\/\/desarrollo.grupomedios.com\/futbol\/wp-json\/wp\/v2\/users\/20"}],"replies":[{"embeddable":true,"href":"http:\/\/desarrollo.grupomedios.com\/futbol\/wp-json\/wp\/v2\/comments?post=354418"}],"version-history":[{"count":0,"href":"http:\/\/desarrollo.grupomedios.com\/futbol\/wp-json\/wp\/v2\/posts\/354418\/revisions"}],"wp:featuredmedia":[{"embeddable":true,"href":"http:\/\/desarrollo.grupomedios.com\/futbol\/wp-json\/wp\/v2\/media\/354419"}],"wp:attachment":[{"href":"http:\/\/desarrollo.grupomedios.com\/futbol\/wp-json\/wp\/v2\/media?parent=354418"}],"wp:term":[{"taxonomy":"category","embeddable":true,"href":"http:\/\/desarrollo.grupomedios.com\/futbol\/wp-json\/wp\/v2\/categories?post=354418"},{"taxonomy":"post_tag","embeddable":true,"href":"http:\/\/desarrollo.grupomedios.com\/futbol\/wp-json\/wp\/v2\/tags?post=354418"}],"curies":[{"name":"wp","href":"https:\/\/api.w.org\/{rel}","templated":true}]}}